{"id":39759,"date":"2022-11-07T07:13:01","date_gmt":"2022-11-07T13:13:01","guid":{"rendered":"https:\/\/mickyandoniehn.com\/radio\/2022\/11\/07\/art-basel-extiende-a-paris-sus-ferias-de-arte-contemporaneo\/"},"modified":"2022-11-07T07:13:01","modified_gmt":"2022-11-07T13:13:01","slug":"art-basel-extiende-a-paris-sus-ferias-de-arte-contemporaneo","status":"publish","type":"post","link":"http:\/\/mickyandoniehn.com\/radio\/2022\/11\/07\/art-basel-extiende-a-paris-sus-ferias-de-arte-contemporaneo\/","title":{"rendered":"Art Basel extiende a Par\u00eds sus ferias de arte contempor\u00e1neo"},"content":{"rendered":"<p><strong>Tegucigalpa,Honduras lunes 07 noviembre \u00a02022<\/strong><\/p>\n<\/p>\n<p>Par\u00eds acoge desde este jueves la primera feria del grupo suizo Art Basel, que contin\u00faa su expansi\u00f3n internacional al hacerse cargo de la muestra de arte contempor\u00e1neo de oto\u00f1o de la capital francesa.<\/p>\n<p>Con 156 galer\u00edas establecidas o emergentes de treinta pa\u00edses, \u00abPar\u00eds+ de Art Basel\u00bb traslada a esta ciudad su exitoso modelo que le ha convertido en un referente en las ferias internacionales de arte contempor\u00e1neo.<\/p>\n<p>La primera edici\u00f3n parisina de Art Basel se celebra en uno de los edificios temporales del Grand Palais, ubicado en los Campos de Marte, al lado de la Torre Eiffel, ya que el original est\u00e1 bajo una amplia remodelaci\u00f3n y no reabrir\u00e1 sus puertas hasta 2024, justo a tiempo para los pr\u00f3ximos Juegos Ol\u00edmpicos.<\/p>\n<p>Se trata de la cuarta feria de arte contempor\u00e1neo de Art Basel despu\u00e9s de las que ya ha puesto en marcha sucesivamente en Basilea (1970), Miami (2002) y Hong Kong (2013).<\/p>\n<p>En esta edici\u00f3n inaugural, la compa\u00f1\u00eda sustituye a la Feria Internacional de Arte Contempor\u00e1neo (FIAC) que llevaba en funcionamiento desde 1974.<\/p>\n<p>El pasado diciembre se convoc\u00f3 una competici\u00f3n para organizar las pr\u00f3ximas siete ediciones de la feria de are contempor\u00e1neo, un proceso que gan\u00f3 Art Basel en un resultado sorprendente, ya que hasta ahora la feria hab\u00eda sido organizada por FIAC, propiedad del grupo angloneerland\u00e9s RX.<\/p>\n<p>El director de \u00abParis+ de Art Basel\u00bb, Cl\u00e9ment Del\u00e9pine, afirm\u00f3 en la p\u00e1gina web del evento que las ideas y expectativas alrededor del arte contempor\u00e1neo \u00abse han construido durante 47 a\u00f1os por el trabajo de la FIAC\u00bb y que cree que este nuevo proyecto de Art Basel puede servir para \u00abfavorecer a la comunidad de galer\u00edas e instituciones\u00bb culturales de la ciudad.<\/p>\n<p>Seg\u00fan Del\u00e9pine, la capital francesa es una \u00abciudad de contrastes\u00bb, y su objetivo para las siguientes ediciones es extender las exposiciones art\u00edsticas \u00abm\u00e1s all\u00e1 del centro de Par\u00eds\u00bb.<\/p>\n<p>Este evento busca reunir a galeristas, conservadores, artistas y coleccionistas para pulsar las \u00faltimas tendencias del arte en todo el mundo.<\/p>\n<p>Adem\u00e1s, Art Basel se estrena en Par\u00eds con una veintena de obras expuestas en varios lugares emblem\u00e1ticos de la ciudad, como en la Place Vend\u00f4me, con esculturas de la artista germano-polaca Alicja Kwade, que combinan esferas de piedra natural con escaleras infinitas de cemento.<\/p>\n<p>Tambi\u00e9n hay numerosas creaciones desplegadas a lo largo del Jard\u00edn de las Tuller\u00edas, con obras abstractas como \u00abSoul\u00e8vement-Effondrement\u00bb (\u00abAlzamiento-Colapso\u00bb), la futurista escultura del parisino Ugo Schiavi que combina el arte antiguo con elementos industriales para representar el paso del tiempo.<\/p>\n<p><strong>Fuente: La Tribuna<\/strong><\/p>\n","protected":false},"excerpt":{"rendered":"<p>Tegucigalpa,Honduras lunes 07 noviembre \u00a02022 Par\u00eds acoge desde este jueves la primera feria del grupo suizo Art Basel, que contin\u00faa su expansi\u00f3n internacional al hacerse cargo de la muestra de arte contempor\u00e1neo de oto\u00f1o de la capital francesa. Con 156 galer\u00edas establecidas o emergentes de treinta pa\u00edses, \u00abPar\u00eds+ de Art Basel\u00bb traslada a esta ciudad &hellip;<\/p>\n","protected":false},"author":0,"featured_media":39760,"comment_status":"open","ping_status":"open","sticky":false,"template":"","format":"standard","meta":{"_jetpack_memberships_contains_paid_content":false,"footnotes":""},"categories":[5],"tags":[],"class_list":["post-39759","post","type-post","status-publish","format-standard","has-post-thumbnail","","category-noticias"],"jetpack_sharing_enabled":true,"jetpack_featured_media_url":"http:\/\/mickyandoniehn.com\/radio\/wp-content\/uploads\/2022\/11\/Art-Basel-Paris-696x464-1-HnDNIN.jpeg","_links":{"self":[{"href":"http:\/\/mickyandoniehn.com\/radio\/wp-json\/wp\/v2\/posts\/39759","targetHints":{"allow":["GET"]}}],"collection":[{"href":"http:\/\/mickyandoniehn.com\/radio\/wp-json\/wp\/v2\/posts"}],"about":[{"href":"http:\/\/mickyandoniehn.com\/radio\/wp-json\/wp\/v2\/types\/post"}],"replies":[{"embeddable":true,"href":"http:\/\/mickyandoniehn.com\/radio\/wp-json\/wp\/v2\/comments?post=39759"}],"version-history":[{"count":0,"href":"http:\/\/mickyandoniehn.com\/radio\/wp-json\/wp\/v2\/posts\/39759\/revisions"}],"wp:featuredmedia":[{"embeddable":true,"href":"http:\/\/mickyandoniehn.com\/radio\/wp-json\/wp\/v2\/media\/39760"}],"wp:attachment":[{"href":"http:\/\/mickyandoniehn.com\/radio\/wp-json\/wp\/v2\/media?parent=39759"}],"wp:term":[{"taxonomy":"category","embeddable":true,"href":"http:\/\/mickyandoniehn.com\/radio\/wp-json\/wp\/v2\/categories?post=39759"},{"taxonomy":"post_tag","embeddable":true,"href":"http:\/\/mickyandoniehn.com\/radio\/wp-json\/wp\/v2\/tags?post=39759"}],"curies":[{"name":"wp","href":"https:\/\/api.w.org\/{rel}","templated":true}]}}