{"id":39757,"date":"2022-11-07T07:13:01","date_gmt":"2022-11-07T13:13:01","guid":{"rendered":"https:\/\/mickyandoniehn.com\/radio\/2022\/11\/07\/espanola-ana-barriga-se-sumerge-en-cultura-venezolana-y-la-plasma-en-su-arte\/"},"modified":"2022-11-07T07:13:01","modified_gmt":"2022-11-07T13:13:01","slug":"espanola-ana-barriga-se-sumerge-en-cultura-venezolana-y-la-plasma-en-su-arte","status":"publish","type":"post","link":"http:\/\/mickyandoniehn.com\/radio\/2022\/11\/07\/espanola-ana-barriga-se-sumerge-en-cultura-venezolana-y-la-plasma-en-su-arte\/","title":{"rendered":"Espa\u00f1ola Ana Barriga se sumerge en cultura venezolana y la plasma en su arte"},"content":{"rendered":"<p><strong>Tegucigalpa,Honduras lunes 07 noviembre \u00a02022<\/strong><\/p>\n<\/p>\n<p>La artista pl\u00e1stica espa\u00f1ola Ana Barriga se sumergi\u00f3 durante casi dos meses en la cultura de Venezuela para crear las nueve piezas que conforman su exposici\u00f3n \u00abSaca el pecho\u00bb, que presentar\u00e1 en la Universidad Cat\u00f3lica Andr\u00e9s Bello (UCAB), en Caracas, desde este viernes y hasta finales de noviembre.<\/p>\n<p>\u00abLa exposici\u00f3n es un poco el resumen, el resultado, de esa llegada a un terreno desconocido, c\u00f3mo me ha ido influyendo, c\u00f3mo yo he ido entendiendo a lo que he podido acceder en este pa\u00eds, lo que he podido experimentar\u00bb, dijo a EFE Barriga, quien realiz\u00f3 sus obras durante su residencia art\u00edstica en Caracas, entre finales de julio y septiembre.<\/p>\n<p>La inspiraci\u00f3n para el t\u00edtulo de la exposici\u00f3n surgi\u00f3 de lo primero que le llam\u00f3 la atenci\u00f3n tras su llegada: la expresi\u00f3n \u00abSaca el pecho\u00bb, impresa en la valla publicitaria de una empresa de ron venezolana que vio mientras iba en el veh\u00edculo que la recogi\u00f3 en el aeropuerto.<\/p>\n<p>\u00abLe\u00eddo de corrido a m\u00ed me impact\u00f3 much\u00edsimo y me hizo much\u00edsima gracia. Cuando empec\u00e9 a indagar sobre eso, ya me contaron que \u2018Saca el pecho\u2019 es como el lema que tienen los futbolistas, como una especie de ritual antes de salir al partido, (y) dije \u2018Oye, venga, cari\u00f1o, que podemos tirar pa\u2019lante y vamos a sacar la parte m\u00e1s bonita de nosotros\u2019. Me pareci\u00f3 que esa ideolog\u00eda era perfecta para esta exposici\u00f3n\u00bb, relat\u00f3 la artista.<\/p>\n<p>Tras instalarse en el pa\u00eds caribe\u00f1o, recorri\u00f3 sus calles, visit\u00f3 mercados de segunda mano y se sumergi\u00f3 en su cultura y en su idiosincrasia, y as\u00ed encontr\u00f3 otras fuentes de inspiraci\u00f3n, entre las que destacan los diablos danzantes de Yare, una manifestaci\u00f3n declarada Patrimonio Cultural Inmaterial de la Humanidad por la Unesco en 2012.<\/p>\n<p>Sin embargo, considera que el tiempo de estancia en Venezuela no ha sido suficiente para poder conocer y desarrollar todo lo que el pa\u00eds -expres\u00f3- le puede inspirar.<\/p>\n<p><strong>Fuente: La Tribuna<\/strong><\/p>\n","protected":false},"excerpt":{"rendered":"<p>Tegucigalpa,Honduras lunes 07 noviembre \u00a02022 La artista pl\u00e1stica espa\u00f1ola Ana Barriga se sumergi\u00f3 durante casi dos meses en la cultura de Venezuela para crear las nueve piezas que conforman su exposici\u00f3n \u00abSaca el pecho\u00bb, que presentar\u00e1 en la Universidad Cat\u00f3lica Andr\u00e9s Bello (UCAB), en Caracas, desde este viernes y hasta finales de noviembre. \u00abLa exposici\u00f3n &hellip;<\/p>\n","protected":false},"author":0,"featured_media":39758,"comment_status":"open","ping_status":"open","sticky":false,"template":"","format":"standard","meta":{"_jetpack_memberships_contains_paid_content":false,"footnotes":""},"categories":[5],"tags":[],"class_list":["post-39757","post","type-post","status-publish","format-standard","has-post-thumbnail","","category-noticias"],"jetpack_sharing_enabled":true,"jetpack_featured_media_url":"http:\/\/mickyandoniehn.com\/radio\/wp-content\/uploads\/2022\/11\/Ana-Barriga-696x464-1-nbgA4A.jpeg","_links":{"self":[{"href":"http:\/\/mickyandoniehn.com\/radio\/wp-json\/wp\/v2\/posts\/39757","targetHints":{"allow":["GET"]}}],"collection":[{"href":"http:\/\/mickyandoniehn.com\/radio\/wp-json\/wp\/v2\/posts"}],"about":[{"href":"http:\/\/mickyandoniehn.com\/radio\/wp-json\/wp\/v2\/types\/post"}],"replies":[{"embeddable":true,"href":"http:\/\/mickyandoniehn.com\/radio\/wp-json\/wp\/v2\/comments?post=39757"}],"version-history":[{"count":0,"href":"http:\/\/mickyandoniehn.com\/radio\/wp-json\/wp\/v2\/posts\/39757\/revisions"}],"wp:featuredmedia":[{"embeddable":true,"href":"http:\/\/mickyandoniehn.com\/radio\/wp-json\/wp\/v2\/media\/39758"}],"wp:attachment":[{"href":"http:\/\/mickyandoniehn.com\/radio\/wp-json\/wp\/v2\/media?parent=39757"}],"wp:term":[{"taxonomy":"category","embeddable":true,"href":"http:\/\/mickyandoniehn.com\/radio\/wp-json\/wp\/v2\/categories?post=39757"},{"taxonomy":"post_tag","embeddable":true,"href":"http:\/\/mickyandoniehn.com\/radio\/wp-json\/wp\/v2\/tags?post=39757"}],"curies":[{"name":"wp","href":"https:\/\/api.w.org\/{rel}","templated":true}]}}