{"id":39751,"date":"2022-11-07T07:13:00","date_gmt":"2022-11-07T13:13:00","guid":{"rendered":"https:\/\/mickyandoniehn.com\/radio\/2022\/11\/07\/el-papa-sobre-ucrania-cuando-los-imperios-se-debilitan-empiezan-guerras\/"},"modified":"2022-11-07T07:13:00","modified_gmt":"2022-11-07T13:13:00","slug":"el-papa-sobre-ucrania-cuando-los-imperios-se-debilitan-empiezan-guerras","status":"publish","type":"post","link":"http:\/\/mickyandoniehn.com\/radio\/2022\/11\/07\/el-papa-sobre-ucrania-cuando-los-imperios-se-debilitan-empiezan-guerras\/","title":{"rendered":"El papa sobre Ucrania: Cuando los imperios se debilitan, empiezan guerras"},"content":{"rendered":"<p><strong>Tegucigalpa,Honduras lunes 07 \u00a0noviembre \u00a02022<\/strong><\/p>\n<\/p>\n<p>El papa Francisco lament\u00f3 hoy que el mundo se encuentre ante una \u201cTercera Guerra Mundial\u201d porque \u201ccuando los imperios se debilitan sienten la necesidad de hacer una guerra\u201d, al responder sobre la situaci\u00f3n en Ucrania en una rueda de prensa a bordo del avi\u00f3n de regreso de su viaje a Bar\u00e9in.<\/p>\n<p>El pont\u00edfice expres\u00f3 su gran pesar porque en un siglo ya se han vivido tras guerras mundiales.<\/p>\n<p>\u201cEst\u00e1 es una guerra mundial, porque cuando los imperios se debilitan, entonces necesitan hacer una guerra\u201d, as\u00ed como \u201ctambi\u00e9n para vender las armas, que es la calamidad mas grande que hay en el mundo: la industria de las armas\u201d, a\u00f1adi\u00f3.<\/p>\n<p>Por otro lado, el papa explic\u00f3 que le impresiona \u201cla crueldad \u201cde esta guerra, pero quiso matizar que este conflicto no es \u201cdel pueblo ruso, porque son un pueblo grande\u201d, y confes\u00f3 el cari\u00f1o que siente hacia la poblaci\u00f3n rusa y ucraniana.<\/p>\n<p>El papa no dio m\u00e1s detalles sobre los esfuerzos del Vaticano para intentar una mediaci\u00f3n y se limit\u00f3 a explicar que \u201clo que se hace es un trabajo de acercamiento y de buscar soluciones\u201d y que el secretario de Estado vaticano, Pietro Parolin, est\u00e1 trabajando muy bien.<\/p>\n<p>Y record\u00f3 que se ofreci\u00f3 a ir a Rusia para hablar con el presidente, Vlad\u00edmir Putin, pero que la respue<\/p>\n<p><strong>Fuente: La Tribuna<\/strong><\/p>\n","protected":false},"excerpt":{"rendered":"<p>Tegucigalpa,Honduras lunes 07 \u00a0noviembre \u00a02022 El papa Francisco lament\u00f3 hoy que el mundo se encuentre ante una \u201cTercera Guerra Mundial\u201d porque \u201ccuando los imperios se debilitan sienten la necesidad de hacer una guerra\u201d, al responder sobre la situaci\u00f3n en Ucrania en una rueda de prensa a bordo del avi\u00f3n de regreso de su viaje a &hellip;<\/p>\n","protected":false},"author":0,"featured_media":39752,"comment_status":"open","ping_status":"open","sticky":false,"template":"","format":"standard","meta":{"_jetpack_memberships_contains_paid_content":false,"footnotes":""},"categories":[5],"tags":[],"class_list":["post-39751","post","type-post","status-publish","format-standard","has-post-thumbnail","","category-noticias"],"jetpack_sharing_enabled":true,"jetpack_featured_media_url":"http:\/\/mickyandoniehn.com\/radio\/wp-content\/uploads\/2022\/11\/guerra-41-Hxyjen.jpeg","_links":{"self":[{"href":"http:\/\/mickyandoniehn.com\/radio\/wp-json\/wp\/v2\/posts\/39751","targetHints":{"allow":["GET"]}}],"collection":[{"href":"http:\/\/mickyandoniehn.com\/radio\/wp-json\/wp\/v2\/posts"}],"about":[{"href":"http:\/\/mickyandoniehn.com\/radio\/wp-json\/wp\/v2\/types\/post"}],"replies":[{"embeddable":true,"href":"http:\/\/mickyandoniehn.com\/radio\/wp-json\/wp\/v2\/comments?post=39751"}],"version-history":[{"count":0,"href":"http:\/\/mickyandoniehn.com\/radio\/wp-json\/wp\/v2\/posts\/39751\/revisions"}],"wp:featuredmedia":[{"embeddable":true,"href":"http:\/\/mickyandoniehn.com\/radio\/wp-json\/wp\/v2\/media\/39752"}],"wp:attachment":[{"href":"http:\/\/mickyandoniehn.com\/radio\/wp-json\/wp\/v2\/media?parent=39751"}],"wp:term":[{"taxonomy":"category","embeddable":true,"href":"http:\/\/mickyandoniehn.com\/radio\/wp-json\/wp\/v2\/categories?post=39751"},{"taxonomy":"post_tag","embeddable":true,"href":"http:\/\/mickyandoniehn.com\/radio\/wp-json\/wp\/v2\/tags?post=39751"}],"curies":[{"name":"wp","href":"https:\/\/api.w.org\/{rel}","templated":true}]}}