{"id":39745,"date":"2022-11-07T06:12:59","date_gmt":"2022-11-07T12:12:59","guid":{"rendered":"http:\/\/mickyandoniehn.com\/radio\/2022\/11\/07\/la-oms-lanza-un-primer-sondeo-global-sobre-necesidades-de-enfermos-de-cancer\/"},"modified":"2022-11-07T06:12:59","modified_gmt":"2022-11-07T12:12:59","slug":"la-oms-lanza-un-primer-sondeo-global-sobre-necesidades-de-enfermos-de-cancer","status":"publish","type":"post","link":"http:\/\/mickyandoniehn.com\/radio\/2022\/11\/07\/la-oms-lanza-un-primer-sondeo-global-sobre-necesidades-de-enfermos-de-cancer\/","title":{"rendered":"La OMS lanza un primer sondeo global sobre necesidades de enfermos de c\u00e1ncer"},"content":{"rendered":"<p><strong>Tegucigalpa,Honduras lunes 07 noviembre \u00a02022<\/strong><\/p>\n<\/p>\n<p><a href=\"https:\/\/www.who.int\/es\">La Organizaci\u00f3n Mundial de la Salud<\/a> (OMS) anunci\u00f3 hoy el lanzamiento de un primer sondeo global sobre las experiencias y necesidades de los enfermos de c\u00e1ncer, con el fin de \u00abampliar las voces\u00bb en una enfermedad que afectar\u00e1 a una de cada cinco personas en el mundo en alg\u00fan momento de sus vidas.<\/p>\n<p>El sondeo recoger\u00e1 datos de 100.000 personas de 100 pa\u00edses. En su mayor\u00eda pertenecientes a econom\u00edas de ingresos medios y bajos.<\/p>\n<p>Sus resultados se conocer\u00e1n en 2023 con el fin de que en el futuro ayuden a dise\u00f1ar pol\u00edticas sanitarias. As\u00ed como, programas de prevenci\u00f3n y cuidado y servicios para afectados por c\u00e1ncer en todo el mundo.<\/p>\n<p>\u00a0<\/p>\n<p>\u00abEl foco a la hora de controlar el c\u00e1ncer ha estado demasiado tiempo en el cuidado cl\u00ednico, y no en las necesidades m\u00e1s amplias de los afectados\u00bb, destac\u00f3 en un comunicado el director general de la OMS Tedros Adhanom Ghebreyesus, quien afirm\u00f3 que \u00ablas pol\u00edticas para la enfermedad deben construirse con algo m\u00e1s que cifras\u00bb.<\/p>\n<p>Estudios anteriores ya subrayan, en este sentido, que casi la mitad de los diagnosticados con c\u00e1ncer experimentan ansiedad, p\u00e9rdida de confianza y podr\u00edan perder a sus parejas, o que en los pa\u00edses en desarrollo un 70 % de los afectados sufren problemas financieros y p\u00e9rdida de su patrimonio.<\/p>\n<p>Tambi\u00e9n se busca que cuidadores de pacientes con c\u00e1ncer y familiares sean tenidos en cuenta en este estudio en torno a una enfermedad que, seg\u00fan recuerda la OMS, \u00abafecta a pr\u00e1cticamente todas las familias del mundo\u00bb.<\/p>\n<p><strong>Fuente: La Tribuna<\/strong><\/p>\n","protected":false},"excerpt":{"rendered":"<p>Tegucigalpa,Honduras lunes 07 noviembre \u00a02022 La Organizaci\u00f3n Mundial de la Salud (OMS) anunci\u00f3 hoy el lanzamiento de un primer sondeo global sobre las experiencias y necesidades de los enfermos de c\u00e1ncer, con el fin de \u00abampliar las voces\u00bb en una enfermedad que afectar\u00e1 a una de cada cinco personas en el mundo en alg\u00fan momento &hellip;<\/p>\n","protected":false},"author":0,"featured_media":39746,"comment_status":"open","ping_status":"open","sticky":false,"template":"","format":"standard","meta":{"_jetpack_memberships_contains_paid_content":false,"footnotes":""},"categories":[5],"tags":[],"class_list":["post-39745","post","type-post","status-publish","format-standard","has-post-thumbnail","","category-noticias"],"jetpack_sharing_enabled":true,"jetpack_featured_media_url":"http:\/\/mickyandoniehn.com\/radio\/wp-content\/uploads\/2022\/11\/Unknown-30-z3a64T.jpeg","_links":{"self":[{"href":"http:\/\/mickyandoniehn.com\/radio\/wp-json\/wp\/v2\/posts\/39745","targetHints":{"allow":["GET"]}}],"collection":[{"href":"http:\/\/mickyandoniehn.com\/radio\/wp-json\/wp\/v2\/posts"}],"about":[{"href":"http:\/\/mickyandoniehn.com\/radio\/wp-json\/wp\/v2\/types\/post"}],"replies":[{"embeddable":true,"href":"http:\/\/mickyandoniehn.com\/radio\/wp-json\/wp\/v2\/comments?post=39745"}],"version-history":[{"count":0,"href":"http:\/\/mickyandoniehn.com\/radio\/wp-json\/wp\/v2\/posts\/39745\/revisions"}],"wp:featuredmedia":[{"embeddable":true,"href":"http:\/\/mickyandoniehn.com\/radio\/wp-json\/wp\/v2\/media\/39746"}],"wp:attachment":[{"href":"http:\/\/mickyandoniehn.com\/radio\/wp-json\/wp\/v2\/media?parent=39745"}],"wp:term":[{"taxonomy":"category","embeddable":true,"href":"http:\/\/mickyandoniehn.com\/radio\/wp-json\/wp\/v2\/categories?post=39745"},{"taxonomy":"post_tag","embeddable":true,"href":"http:\/\/mickyandoniehn.com\/radio\/wp-json\/wp\/v2\/tags?post=39745"}],"curies":[{"name":"wp","href":"https:\/\/api.w.org\/{rel}","templated":true}]}}