{"id":39717,"date":"2022-11-06T07:12:36","date_gmt":"2022-11-06T13:12:36","guid":{"rendered":"http:\/\/mickyandoniehn.com\/radio\/2022\/11\/06\/la-ema-advierte-de-que-la-pandemia-no-ha-terminado-y-urge-a-recibir-refuerzos\/"},"modified":"2022-11-06T07:12:36","modified_gmt":"2022-11-06T13:12:36","slug":"la-ema-advierte-de-que-la-pandemia-no-ha-terminado-y-urge-a-recibir-refuerzos","status":"publish","type":"post","link":"http:\/\/mickyandoniehn.com\/radio\/2022\/11\/06\/la-ema-advierte-de-que-la-pandemia-no-ha-terminado-y-urge-a-recibir-refuerzos\/","title":{"rendered":"La EMA advierte de que la pandemia no ha terminado y urge a recibir refuerzos"},"content":{"rendered":"<p><strong>Tegucigalpa,Honduras jueves 06 octubre 2021<\/strong><\/p>\n<\/p>\n<p>La Agencia Europea de Medicamentos (EMA) advirti\u00f3 \u00a0de que la pandemia de COVID-19 \u201ctodav\u00eda sigue en curso\u201d y urgi\u00f3 a vacunarse contra el virus con la pauta primaria o una dosis de refuerzo actualizada dado que la temporada del fr\u00edo aumenta el riesgo de contagios.<\/p>\n<p>El jefe de Estrategia de Vacunaci\u00f3n de la EMA, Marco Cavaleri, subray\u00f3 que las vacunas bivalentes adaptadas a nuevas variantes del SARS-CoV-2, que causa la COVID-19, presentan \u201cdiferentes cepas del virus para ampliar la respuesta inmunitaria\u201d hacia las variantes que circulan ahora e inst\u00f3 a \u201cprepararse para una nueva oleada de contagios, en l\u00ednea con la tendencia que mostr\u00f3 el virus en los \u00faltimos dos a\u00f1os\u201d.<\/p>\n<p>La prioridad en el uso de esas vacunas actualizadas como refuerzo deber\u00eda darse a poblaci\u00f3n con mayor riesgo de gravedad, incluidos mayores de 60 a\u00f1os, personas inmunodeprimidas, mujeres embarazadas, pacientes con enfermedades subyacentes que los ponen en riesgo, ancianos y personal de las residencias y los sanitarios.<\/p>\n<p>\u201cEn vista de la temporada de oto\u00f1o e invierno, urgimos a los ciudadanos europeos a ponerse la vacuna primaria o que se revacunen, si son elegibles, siguiendo el consejo de su autoridad sanitaria nacional\u201d, se\u00f1al\u00f3 Cavaleri.<\/p>\n<p>Preguntado por la afirmaci\u00f3n este lunes del presidente estadounidense, Joe Biden, de que \u201cla pandemia ha terminado\u201d, el jefe m\u00e9dico de la EMA, Steffen Thirstrup, advirti\u00f3 de que \u201clo que deber\u00eda estar claro es que en Europa todav\u00eda consideramos que la pandemia sigue en curso y que es importante que los Estados miembros se preparen\u201d para reforzar la protecci\u00f3n y \u201cprevenir la propagaci\u00f3n de esta enfermedad\u201d en el continente.<\/p>\n<p>La EMA respald\u00f3 este mes tres vacunas bivalentes de las farmac\u00e9uticas Pfizer y Moderna adaptadas a subvariantes de \u00d3micron como la BA.4 y BA.5, adem\u00e1s de la variante original del SARS-CoV-2, una dosis actualizada para prepararse para olas de contagios en oto\u00f1o.<\/p>\n<p>Este preparado est\u00e1 destinado a personas mayores de 12 a\u00f1os que hayan recibido al menos la pauta primaria contra la enfermedad, tiene el objetivo de proteger mejor contra las variantes del SARS-CoV-2 que circulan ahora mismo y \u201cse espera que brinde una protecci\u00f3n m\u00e1s amplia contra diferentes variantes\u201d, se\u00f1ala la EMA.<\/p>\n<p><strong>Fuente: La Tribuna<\/strong><\/p>\n","protected":false},"excerpt":{"rendered":"<p>Tegucigalpa,Honduras jueves 06 octubre 2021 La Agencia Europea de Medicamentos (EMA) advirti\u00f3 \u00a0de que la pandemia de COVID-19 \u201ctodav\u00eda sigue en curso\u201d y urgi\u00f3 a vacunarse contra el virus con la pauta primaria o una dosis de refuerzo actualizada dado que la temporada del fr\u00edo aumenta el riesgo de contagios. El jefe de Estrategia de &hellip;<\/p>\n","protected":false},"author":0,"featured_media":39718,"comment_status":"open","ping_status":"open","sticky":false,"template":"","format":"standard","meta":{"_jetpack_memberships_contains_paid_content":false,"footnotes":""},"categories":[5],"tags":[],"class_list":["post-39717","post","type-post","status-publish","format-standard","has-post-thumbnail","","category-noticias"],"jetpack_sharing_enabled":true,"jetpack_featured_media_url":"http:\/\/mickyandoniehn.com\/radio\/wp-content\/uploads\/2022\/11\/pandemia-696x393-1-1N5IZM.jpeg","_links":{"self":[{"href":"http:\/\/mickyandoniehn.com\/radio\/wp-json\/wp\/v2\/posts\/39717","targetHints":{"allow":["GET"]}}],"collection":[{"href":"http:\/\/mickyandoniehn.com\/radio\/wp-json\/wp\/v2\/posts"}],"about":[{"href":"http:\/\/mickyandoniehn.com\/radio\/wp-json\/wp\/v2\/types\/post"}],"replies":[{"embeddable":true,"href":"http:\/\/mickyandoniehn.com\/radio\/wp-json\/wp\/v2\/comments?post=39717"}],"version-history":[{"count":0,"href":"http:\/\/mickyandoniehn.com\/radio\/wp-json\/wp\/v2\/posts\/39717\/revisions"}],"wp:featuredmedia":[{"embeddable":true,"href":"http:\/\/mickyandoniehn.com\/radio\/wp-json\/wp\/v2\/media\/39718"}],"wp:attachment":[{"href":"http:\/\/mickyandoniehn.com\/radio\/wp-json\/wp\/v2\/media?parent=39717"}],"wp:term":[{"taxonomy":"category","embeddable":true,"href":"http:\/\/mickyandoniehn.com\/radio\/wp-json\/wp\/v2\/categories?post=39717"},{"taxonomy":"post_tag","embeddable":true,"href":"http:\/\/mickyandoniehn.com\/radio\/wp-json\/wp\/v2\/tags?post=39717"}],"curies":[{"name":"wp","href":"https:\/\/api.w.org\/{rel}","templated":true}]}}