{"id":39713,"date":"2022-11-06T07:12:35","date_gmt":"2022-11-06T13:12:35","guid":{"rendered":"http:\/\/mickyandoniehn.com\/radio\/2022\/11\/06\/la-emperatriz-emerita-japonesa-michiko-cumple-88-anos-sin-descuidar-rutinas\/"},"modified":"2022-11-06T07:12:35","modified_gmt":"2022-11-06T13:12:35","slug":"la-emperatriz-emerita-japonesa-michiko-cumple-88-anos-sin-descuidar-rutinas","status":"publish","type":"post","link":"http:\/\/mickyandoniehn.com\/radio\/2022\/11\/06\/la-emperatriz-emerita-japonesa-michiko-cumple-88-anos-sin-descuidar-rutinas\/","title":{"rendered":"La emperatriz em\u00e9rita japonesa Michiko cumple 88 a\u00f1os sin descuidar rutinas"},"content":{"rendered":"<p><strong>Tegucigalpa,Honduras domingo \u00a006 \u00a0noviembre \u00a0 2022<\/strong><\/p>\n<\/p>\n<p>La emperatriz em\u00e9rita de Jap\u00f3n, Michiko, cumpli\u00f3 hoy 88 a\u00f1os sin descuidar sus rutinas diarias, que incluyen pasear junto a su esposo, el emperador em\u00e9rito Akihito (88), y leer libros en voz alta despu\u00e9s de desayunar.<\/p>\n<p>Michiko y Akihito mantienen su h\u00e1bito de compartir un paseo matutino y otro vespertino en los terrenos de la propiedad imperial del palacio de Akasaka, seg\u00fan revel\u00f3 la Agencia de la Casa Imperial, que comparti\u00f3 con motivo del aniversario de la emperatriz em\u00e9rita varias fotograf\u00edas de una de estas caminatas.<\/p>\n<p>Los em\u00e9ritos fijaron su residencia en esos terrenos en abril por primera vez en 30 a\u00f1os -los que abarc\u00f3 su reinado- tras la marcha el a\u00f1o pasado de su hijo y actual emperador, Naruhito (62), y su familia al palacio imperial, vivienda habitual del monarca reinante.<\/p>\n<p>Naruhito ascendi\u00f3 al Trono del Crisantemo el 1 de mayo de 2019, despu\u00e9s de que su padre Akihito abdicara en su favor preocupado por su avanzada edad y su salud, al igual que la de su esposa.<\/p>\n<p>Michiko ha estado bajo observaci\u00f3n desde que le diagnosticaron en agosto una trombosis venosa profunda (TVP) en su pierna derecha.<\/p>\n<p>Por las tardes viene experimentando fiebre leve y los par\u00e1metros de su insuficiencia card\u00edaca siguen por encima de lo normal, detall\u00f3 la agencia, que gestiona los asuntos de la familia imperial nipona.<\/p>\n<p>Pese a ello, la emperatriz em\u00e9rita ha seguido con sus rutinas y adoptado nuevas, entre ellas el cultivo de unas semillas de cardiospermum halicacabum, una planta enredadera, que le regal\u00f3 una guarder\u00eda cercana a la residencia imperial de Takanawa donde vivi\u00f3 durante dos a\u00f1os tras la abdicaci\u00f3n, antes de su traslado a Akasaka.<\/p>\n<p>El mes pasado, Michiko transmiti\u00f3 su pesar por el fallecimiento de la reina Isabel II, con la que cultiv\u00f3 una buena amistad. La emperatriz em\u00e9rita no acudi\u00f3 a su funeral en Londres, hasta donde s\u00ed se desplazaron su hijo Naruhito y la emperatriz Masako (58).<\/p>\n<p>Michiko se ha abstenido de celebrar su cumplea\u00f1os durante los tres \u00faltimos a\u00f1os, coincidiendo con la pandemia de COVID-19, pero este a\u00f1o recibir\u00e1 las felicitaciones de su hijo y su nuera.<\/p>\n<p>\u00a0<\/p>\n<p><strong>Fuente: La Tribuna<\/strong><\/p>\n","protected":false},"excerpt":{"rendered":"<p>Tegucigalpa,Honduras domingo \u00a006 \u00a0noviembre \u00a0 2022 La emperatriz em\u00e9rita de Jap\u00f3n, Michiko, cumpli\u00f3 hoy 88 a\u00f1os sin descuidar sus rutinas diarias, que incluyen pasear junto a su esposo, el emperador em\u00e9rito Akihito (88), y leer libros en voz alta despu\u00e9s de desayunar. Michiko y Akihito mantienen su h\u00e1bito de compartir un paseo matutino y otro &hellip;<\/p>\n","protected":false},"author":0,"featured_media":39714,"comment_status":"open","ping_status":"open","sticky":false,"template":"","format":"standard","meta":{"_jetpack_memberships_contains_paid_content":false,"footnotes":""},"categories":[5],"tags":[],"class_list":["post-39713","post","type-post","status-publish","format-standard","has-post-thumbnail","","category-noticias"],"jetpack_sharing_enabled":true,"jetpack_featured_media_url":"http:\/\/mickyandoniehn.com\/radio\/wp-content\/uploads\/2022\/11\/emperatriz-Michiko-696x464-1-YXcy56.jpeg","_links":{"self":[{"href":"http:\/\/mickyandoniehn.com\/radio\/wp-json\/wp\/v2\/posts\/39713","targetHints":{"allow":["GET"]}}],"collection":[{"href":"http:\/\/mickyandoniehn.com\/radio\/wp-json\/wp\/v2\/posts"}],"about":[{"href":"http:\/\/mickyandoniehn.com\/radio\/wp-json\/wp\/v2\/types\/post"}],"replies":[{"embeddable":true,"href":"http:\/\/mickyandoniehn.com\/radio\/wp-json\/wp\/v2\/comments?post=39713"}],"version-history":[{"count":0,"href":"http:\/\/mickyandoniehn.com\/radio\/wp-json\/wp\/v2\/posts\/39713\/revisions"}],"wp:featuredmedia":[{"embeddable":true,"href":"http:\/\/mickyandoniehn.com\/radio\/wp-json\/wp\/v2\/media\/39714"}],"wp:attachment":[{"href":"http:\/\/mickyandoniehn.com\/radio\/wp-json\/wp\/v2\/media?parent=39713"}],"wp:term":[{"taxonomy":"category","embeddable":true,"href":"http:\/\/mickyandoniehn.com\/radio\/wp-json\/wp\/v2\/categories?post=39713"},{"taxonomy":"post_tag","embeddable":true,"href":"http:\/\/mickyandoniehn.com\/radio\/wp-json\/wp\/v2\/tags?post=39713"}],"curies":[{"name":"wp","href":"https:\/\/api.w.org\/{rel}","templated":true}]}}