{"id":39707,"date":"2022-11-06T07:12:33","date_gmt":"2022-11-06T13:12:33","guid":{"rendered":"http:\/\/mickyandoniehn.com\/radio\/2022\/11\/06\/honduras-debe-pasar-de-la-diplomacia-a-lo-legal-en-caso-de-la-basura-que-llega-al-rio-motagua\/"},"modified":"2022-11-06T07:12:33","modified_gmt":"2022-11-06T13:12:33","slug":"honduras-debe-pasar-de-la-diplomacia-a-lo-legal-en-caso-de-la-basura-que-llega-al-rio-motagua","status":"publish","type":"post","link":"http:\/\/mickyandoniehn.com\/radio\/2022\/11\/06\/honduras-debe-pasar-de-la-diplomacia-a-lo-legal-en-caso-de-la-basura-que-llega-al-rio-motagua\/","title":{"rendered":"Honduras debe pasar de la diplomacia a lo legal en caso de la basura que llega al R\u00edo Motagua"},"content":{"rendered":"<p><strong>Tegucigalpa,Honduras domingo \u00a006 \u00a0noviembre \u00a0 2022<\/strong><\/p>\n<\/p>\n<p>La pr\u00f3xima semana se someter\u00e1 a discusi\u00f3n un proyecto de Ley para demandar a Guatemala, por miles de toneladas de basura que inundan las costas hondure\u00f1as, anunci\u00f3 el diputado Carlos Uma\u00f1a.<\/p>\n<p>\u201cHonduras debe pasar de la diplomacia a la parte legal en cuanto a la basura que viene del r\u00edo Motagua\u201d, especific\u00f3 el parlamentario del Partido Salvador de Honduras (PSH).<\/p>\n<p>Uma\u00f1a, cit\u00f3 que seg\u00fan informes cient\u00edficos, Honduras ha sido inundada por unas 20 mil toneladas de basura provenientes de Guatemala.<\/p>\n<p>En ese sentido, a\u00f1adi\u00f3 que hay 22 municipios hondure\u00f1os que tienen amenazado su ecosistema por la basura que viene particularmente de la zona Tres de la ciudad de Guatemala del r\u00edo Las Vacas, afluente del r\u00edo Motagua.<\/p>\n<p>Por ello es hora de poner un alto y pasar de la diplomacia, se tiene previsto un proyecto que contempla una Fuerza Conjunta integrada por la Procuradur\u00eda General de la Rep\u00fablica (PGR), y la municipalidad de Omoa, para emprender el proceso legal de demanda en contra de Guatemala, zanj\u00f3.<\/p>\n<p>Caso contrario \u201cseguiremos recibiendo toneladas de basura\u201d y la municipalidad de Omoa y empresarios continuar\u00e1n gastando millones de lempiras en la limpieza de las playas problema que se est\u00e1 extendiendo hasta Islas de la Bah\u00eda.<\/p>\n<p><strong>Fuente: La Tribuna<\/strong><\/p>\n","protected":false},"excerpt":{"rendered":"<p>Tegucigalpa,Honduras domingo \u00a006 \u00a0noviembre \u00a0 2022 La pr\u00f3xima semana se someter\u00e1 a discusi\u00f3n un proyecto de Ley para demandar a Guatemala, por miles de toneladas de basura que inundan las costas hondure\u00f1as, anunci\u00f3 el diputado Carlos Uma\u00f1a. \u201cHonduras debe pasar de la diplomacia a la parte legal en cuanto a la basura que viene del &hellip;<\/p>\n","protected":false},"author":0,"featured_media":39708,"comment_status":"open","ping_status":"open","sticky":false,"template":"","format":"standard","meta":{"_jetpack_memberships_contains_paid_content":false,"footnotes":""},"categories":[5],"tags":[],"class_list":["post-39707","post","type-post","status-publish","format-standard","has-post-thumbnail","","category-noticias"],"jetpack_sharing_enabled":true,"jetpack_featured_media_url":"http:\/\/mickyandoniehn.com\/radio\/wp-content\/uploads\/2022\/11\/basura-Rio-Motagua-Ss4Ehx.jpeg","_links":{"self":[{"href":"http:\/\/mickyandoniehn.com\/radio\/wp-json\/wp\/v2\/posts\/39707","targetHints":{"allow":["GET"]}}],"collection":[{"href":"http:\/\/mickyandoniehn.com\/radio\/wp-json\/wp\/v2\/posts"}],"about":[{"href":"http:\/\/mickyandoniehn.com\/radio\/wp-json\/wp\/v2\/types\/post"}],"replies":[{"embeddable":true,"href":"http:\/\/mickyandoniehn.com\/radio\/wp-json\/wp\/v2\/comments?post=39707"}],"version-history":[{"count":0,"href":"http:\/\/mickyandoniehn.com\/radio\/wp-json\/wp\/v2\/posts\/39707\/revisions"}],"wp:featuredmedia":[{"embeddable":true,"href":"http:\/\/mickyandoniehn.com\/radio\/wp-json\/wp\/v2\/media\/39708"}],"wp:attachment":[{"href":"http:\/\/mickyandoniehn.com\/radio\/wp-json\/wp\/v2\/media?parent=39707"}],"wp:term":[{"taxonomy":"category","embeddable":true,"href":"http:\/\/mickyandoniehn.com\/radio\/wp-json\/wp\/v2\/categories?post=39707"},{"taxonomy":"post_tag","embeddable":true,"href":"http:\/\/mickyandoniehn.com\/radio\/wp-json\/wp\/v2\/tags?post=39707"}],"curies":[{"name":"wp","href":"https:\/\/api.w.org\/{rel}","templated":true}]}}