{"id":39290,"date":"2022-11-01T08:12:47","date_gmt":"2022-11-01T14:12:47","guid":{"rendered":"http:\/\/mickyandoniehn.com\/radio\/2022\/11\/01\/se-rehabilitan-pasos-en-220-frentes-de-trabajo\/"},"modified":"2022-11-01T08:12:47","modified_gmt":"2022-11-01T14:12:47","slug":"se-rehabilitan-pasos-en-220-frentes-de-trabajo","status":"publish","type":"post","link":"http:\/\/mickyandoniehn.com\/radio\/2022\/11\/01\/se-rehabilitan-pasos-en-220-frentes-de-trabajo\/","title":{"rendered":"Se rehabilitan pasos en 220 frentes de trabajo"},"content":{"rendered":"<p><strong>Tegucigalpa,Honduras martes 01 noviembre \u00a0<\/strong><strong>2022<\/strong><\/p>\n<\/p>\n<p>Tras los estragos registrados por las fuertes lluvias, las autoridades relacionadas en temas de infraestructura ejecutan reparaciones en m\u00e1s de 220 frentes de trabajo en las zonas m\u00e1s afectadas.<\/p>\n<p>Seg\u00fan la Asociaci\u00f3n para la Defensa de la Canasta B\u00e1sica de Honduras (Adecabah), muchos de los productos de alto consumo en los hogares hondure\u00f1os recibieron aumentos de precio debido a que los tramos carreteros desde donde los traen, se encuentran da\u00f1ados y en los principales mercados se registran las alzas.<\/p>\n<p>La rehabilitaci\u00f3n de los pasos y rehabilitaciones en las zonas de mayor afectaci\u00f3n se encuentra a cargo del Fondo Hondure\u00f1o de Inversi\u00f3n Social (FHIS) y la Secretar\u00eda de Infraestructura y Transporte (SIT), que laboran de forma conjunta con la Asociaci\u00f3n de Municipios de Honduras (Amhon).<\/p>\n<h3>ESCUELAS Y CARRETERAS<\/h3>\n<p>El ministro del FHIS, Octavio Pineda, expres\u00f3 que \u201cse est\u00e1n interviniendo varios lotes de escuelas, as\u00ed como caminos, carreteras, cajas puentes, vados, dependiendo el lugar mantenemos presencia\u201d<\/p>\n<p>La mayor concentraci\u00f3n de los frentes de trabajo se encuentra en 16 departamentos, principalmente en Cort\u00e9s, Santa B\u00e1rbara, Lempira, Cop\u00e1n, Ocotepeque y El Para\u00edso, donde se ha mantenido fuerte presi\u00f3n.<\/p>\n<p>Pineda, explic\u00f3 que \u201cse est\u00e1n restableciendo los caminos donde pasa el producto del caf\u00e9, en Lempira, Santa B\u00e1rbara y Cop\u00e1n, nos estamos adentrando en las zonas productoras, pero hay que diferenciar, porque un mont\u00f3n de zonas que han estado abandonadas en el tema de la red vial no se les ha dado mantenimiento y cuando las lluvias saturaron los suelos se evidenci\u00f3\u201d.<\/p>\n<p>\u201cAlgunos proyectos peque\u00f1os los est\u00e1n haciendo de forma descentralizada porque cada secretar\u00eda, el FHIS, como la SIT, dieron fondos a los alcaldes, salieron los 200 millones para atenci\u00f3n a la emergencia como obras menores de atenci\u00f3n a la infraestructura que son dineros complementarios diferentes al presupuesto que ellos tienen\u201d, pormenoriz\u00f3 Pineda.<\/p>\n<p>A nivel nacional, seg\u00fan las autoridades se mantienen en labores de rehabilitaci\u00f3n unos 220 frentes de trabajo, espec\u00edficamente en el restablecimiento de la red vial.<\/p>\n<p>De igual forma, indicaron que las afectaciones, incluso, se siguen presentando en varios departamentos donde las saturaciones del suelo quedaron altas.<\/p>\n<p>Pineda, precis\u00f3 que \u201ctenemos 300 unidades ejecutoras trabajando, entre alcaldes, el FHIS y la SIT, como tercer paso viene la reconstrucci\u00f3n y para eso se tienen algunos proyectos que ya iniciaron\u201d.<\/p>\n<h3>RECONSTRUCCI\u00d3N DE BORDOS<\/h3>\n<p>Con relaci\u00f3n a los trabajos de reconstrucci\u00f3n de los bordos en el Valle de Sula, las autoridades indicaron que no se han detenido, ya que quiz\u00e1 hubo una pausa en los picos m\u00e1s altos de las lluvias, tanto en El Progreso, El Negrito, Santa Rita, en Yoro, y La Lima, Potrerillos, San Manuel, Villanueva y Choloma, Cort\u00e9s.<\/p>\n<p>Sobre la situaci\u00f3n de deterioro de m\u00e1s centros educativos, Pineda precis\u00f3 que \u201cse identificaron 65 escuelas que recibieron fuerte afectaci\u00f3n con el tema de las ultimas lluvias registradas, en la zona sur en el municipio de Alianza y otros sectores de las partes bajas del Valle de Sula, as\u00ed como en Cop\u00e1n, Santa B\u00e1rbara, pero con mayor concentraci\u00f3n en el municipio de Alianza y en el Valle de Sula, La Lima, San Pedro Sula y Potrerillos\u201d<\/p>\n<p>\u201cEstamos cambiando techos, mejorando los ba\u00f1os y restableciendo en las formas m\u00e1s b\u00e1sicas para que los ni\u00f1os puedan regresar a sus clases en esos centros educativos\u201d, indic\u00f3 Pineda.<\/p>\n<p><strong>Fuente:La Tribuna<\/strong><\/p>\n","protected":false},"excerpt":{"rendered":"<p>Tegucigalpa,Honduras martes 01 noviembre \u00a02022 Tras los estragos registrados por las fuertes lluvias, las autoridades relacionadas en temas de infraestructura ejecutan reparaciones en m\u00e1s de 220 frentes de trabajo en las zonas m\u00e1s afectadas. Seg\u00fan la Asociaci\u00f3n para la Defensa de la Canasta B\u00e1sica de Honduras (Adecabah), muchos de los productos de alto consumo en &hellip;<\/p>\n","protected":false},"author":0,"featured_media":39291,"comment_status":"open","ping_status":"open","sticky":false,"template":"","format":"standard","meta":{"_jetpack_memberships_contains_paid_content":false,"footnotes":""},"categories":[5],"tags":[],"class_list":["post-39290","post","type-post","status-publish","format-standard","has-post-thumbnail","","category-noticias"],"jetpack_sharing_enabled":true,"jetpack_featured_media_url":"http:\/\/mickyandoniehn.com\/radio\/wp-content\/uploads\/2022\/11\/INTERVENCIONES-1-IBNUsU.jpeg","_links":{"self":[{"href":"http:\/\/mickyandoniehn.com\/radio\/wp-json\/wp\/v2\/posts\/39290","targetHints":{"allow":["GET"]}}],"collection":[{"href":"http:\/\/mickyandoniehn.com\/radio\/wp-json\/wp\/v2\/posts"}],"about":[{"href":"http:\/\/mickyandoniehn.com\/radio\/wp-json\/wp\/v2\/types\/post"}],"replies":[{"embeddable":true,"href":"http:\/\/mickyandoniehn.com\/radio\/wp-json\/wp\/v2\/comments?post=39290"}],"version-history":[{"count":0,"href":"http:\/\/mickyandoniehn.com\/radio\/wp-json\/wp\/v2\/posts\/39290\/revisions"}],"wp:featuredmedia":[{"embeddable":true,"href":"http:\/\/mickyandoniehn.com\/radio\/wp-json\/wp\/v2\/media\/39291"}],"wp:attachment":[{"href":"http:\/\/mickyandoniehn.com\/radio\/wp-json\/wp\/v2\/media?parent=39290"}],"wp:term":[{"taxonomy":"category","embeddable":true,"href":"http:\/\/mickyandoniehn.com\/radio\/wp-json\/wp\/v2\/categories?post=39290"},{"taxonomy":"post_tag","embeddable":true,"href":"http:\/\/mickyandoniehn.com\/radio\/wp-json\/wp\/v2\/tags?post=39290"}],"curies":[{"name":"wp","href":"https:\/\/api.w.org\/{rel}","templated":true}]}}