{"id":39284,"date":"2022-11-01T07:12:43","date_gmt":"2022-11-01T13:12:43","guid":{"rendered":"http:\/\/mickyandoniehn.com\/radio\/2022\/11\/01\/arte-sentimiento-y-emocion-en-exposicion-inmersiva-de-van-gogh-en-quito\/"},"modified":"2022-11-01T07:12:43","modified_gmt":"2022-11-01T13:12:43","slug":"arte-sentimiento-y-emocion-en-exposicion-inmersiva-de-van-gogh-en-quito","status":"publish","type":"post","link":"http:\/\/mickyandoniehn.com\/radio\/2022\/11\/01\/arte-sentimiento-y-emocion-en-exposicion-inmersiva-de-van-gogh-en-quito\/","title":{"rendered":"Arte, sentimiento y emoci\u00f3n en exposici\u00f3n inmersiva de Van Gogh en Quito"},"content":{"rendered":"<p><strong>Tegucigalpa,Honduras martes 01 noviembre \u00a0<\/strong><strong>2022<\/strong><\/p>\n<\/p>\n<p>El pintor neerland\u00e9s Vincent Van Gogh, referente del post impresionismo, \u00ablleg\u00f3\u00bb a la capital ecuatoriana con una exposici\u00f3n inmersiva de m\u00e1s de 200 obras, que \u00abcobran vida\u00bb en un espect\u00e1culo lleno de sentimiento y emoci\u00f3n, en el que resaltan su serie Los Girasoles, La noche estrellada y varios autorretratos.<\/p>\n<p>La exposici\u00f3n Imagine Van Gogh -que se abri\u00f3 este s\u00e1bado al p\u00fablico en Quito tras pasar por Francia, Canad\u00e1, EE.UU. y Argentina- fue creada por Annabelle Mauger y Julien Baron, famosos por sus obras inmersivas en Cath\u00e9drale d\u2019Images, en Les Baux-de-Provence (Francia).<\/p>\n<p>En medio de una estructura nunca antes vista en Ecuador, con pantallas de unos tres pisos de alto, el espectador puede sentirse parte, o dentro de las obras, al encontrarse de un momento a otro rodeado de inmensos trigales, de perspectivas irreales, o de enormes espirales que se enroscan como olas sobre el cielo en la famosa obra La noche estrellada, entre otros.<\/p>\n<p>El dormitorio de Arl\u00e9s y varios autorretratos del c\u00e9lebre artista, acompa\u00f1ados por una conmovedora banda sonora, se intercalan con otras obras nacidas de una paleta llena de vibrantes colores y contrastes, que parecen moverse gracias a la tecnolog\u00eda usada en la exposici\u00f3n, que estar\u00e1 abierta durante un mes en el Arena, del Centro Comercial I\u00f1aquito (CCI).<\/p>\n<p>Para Gabriela Capelo, productora general de Imagine Van Gogh, la exhibici\u00f3n digital de inmersi\u00f3n total es \u00abarte, sentimiento, emoci\u00f3n. Es sentirse vivo\u00bb.<\/p>\n<p>EXPOSICI\u00d3N: LUGAR LIBRE Y M\u00c1GICO<\/p>\n<p>Annabelle Mauger, creadora de la exhibici\u00f3n en 2008, incluy\u00f3 en la exposici\u00f3n obras de los dos \u00faltimos a\u00f1os de vida del artista para \u00abcompartir una peque\u00f1a parte de Francia\u00bb pintada por Van Gogh.<\/p>\n<p>\u00abEste tipo de exhibiciones son un lugar libre, familiar, para ni\u00f1os\u00bb, anot\u00f3 anoche durante la inauguraci\u00f3n, al se\u00f1alar que \u00abhay algo m\u00e1gico\u00bb en la exposici\u00f3n, que es \u00abpara todos, independientemente de la edad, cultura o lenguaje\u00bb.<\/p>\n<p>Antes de la zona inmersiva, de unos mil metros cuadrados, hay paneles pedag\u00f3gicos para profundizar en conocimientos sobre la vida y obras del artista, que m\u00e1s de 130 a\u00f1os despu\u00e9s de su muerte, se mantiene como uno de los m\u00e1s famosos de todos los tiempos.<\/p>\n<p>La ministra de Cultura de Ecuador, Mar\u00eda Elena Machuca, calific\u00f3 de \u00abm\u00e1gica\u00bb la exhibici\u00f3n, que llega a ser un espect\u00e1culo sensorial y digital que combina arte, luces, colores, m\u00fasica y formas en las inmensas proyecciones de las obras de Van Gogh, que cambian constantemente en cada sesi\u00f3n, de treinta minutos de duraci\u00f3n.<\/p>\n<p>Se trata de obras proyectadas en Image Totale que forman parte de prestigiosas colecciones de museos como el Orsay, de Par\u00eds, la Galer\u00eda Nacional de Arte de Londres, el Museo Van Gogh de Amsterdam, el Museo de Arte Moderno MoMA y el Museo Metropolitano de Arte de Nueva York.<\/p>\n<p>\u00ab\u00c9L SIENTE CON TERNURA\u00bb<\/p>\n<p>En la inauguraci\u00f3n, la ministra dirigi\u00f3 al p\u00fablico una frase de Van Gogh: \u00abQuiero tocar a la gente con mi arte, quiero que ellos digan \u00e9l siente profundamente, \u00e9l siente con ternura\u00bb.<\/p>\n<p>\u00abAqu\u00ed estamos, entonces, para cumplir el deseo de Vincent Van Gogh de sentir profundamente la ternura en sus obras\u00bb, dijo la ministra, quien durante la exhibici\u00f3n expres\u00f3 a EFE su profunda emoci\u00f3n por encontrarse rodeada del arte de un maestro que supo interpretar paisajes luminosos, expresivos retratos y vibrantes escenas de la naturaleza \u00abllenas de ternura\u00bb.<\/p>\n<p>Conmovida por los amarillos intensos y los caracter\u00edsticos trazos de Van Gogh, la ministra -que es tambi\u00e9n artista- dijo que mirar la serie de los girasoles le evoca vida, y se lament\u00f3 de que dos activistas de la organizaci\u00f3n Just Stop Oil lanzasen el viernes sopa sobre el famoso cuadro \u00abLos Girasoles\u00bb, en la National Gallery de Londres.<\/p>\n<p>Reconoci\u00f3 la importancia de alzar la voz para visibilizar los problemas actuales, pero la protesta se debe canalizar de otra forma, dijo en medio de la exposici\u00f3n que se ilumina con la serie de los girasoles, pintados entre 1888 y 1889, y que ten\u00edan un significado especial para Van Gogh pues comunicaban \u00abgratitud\u00bb.<\/p>\n<p><strong>Fuente:La Tribuna<\/strong><\/p>\n","protected":false},"excerpt":{"rendered":"<p>Tegucigalpa,Honduras martes 01 noviembre \u00a02022 El pintor neerland\u00e9s Vincent Van Gogh, referente del post impresionismo, \u00ablleg\u00f3\u00bb a la capital ecuatoriana con una exposici\u00f3n inmersiva de m\u00e1s de 200 obras, que \u00abcobran vida\u00bb en un espect\u00e1culo lleno de sentimiento y emoci\u00f3n, en el que resaltan su serie Los Girasoles, La noche estrellada y varios autorretratos. La &hellip;<\/p>\n","protected":false},"author":0,"featured_media":39285,"comment_status":"open","ping_status":"open","sticky":false,"template":"","format":"standard","meta":{"_jetpack_memberships_contains_paid_content":false,"footnotes":""},"categories":[5],"tags":[],"class_list":["post-39284","post","type-post","status-publish","format-standard","has-post-thumbnail","","category-noticias"],"jetpack_sharing_enabled":true,"jetpack_featured_media_url":"http:\/\/mickyandoniehn.com\/radio\/wp-content\/uploads\/2022\/11\/Ecuador-Quito-696x464-1-RfXVsX.jpeg","_links":{"self":[{"href":"http:\/\/mickyandoniehn.com\/radio\/wp-json\/wp\/v2\/posts\/39284","targetHints":{"allow":["GET"]}}],"collection":[{"href":"http:\/\/mickyandoniehn.com\/radio\/wp-json\/wp\/v2\/posts"}],"about":[{"href":"http:\/\/mickyandoniehn.com\/radio\/wp-json\/wp\/v2\/types\/post"}],"replies":[{"embeddable":true,"href":"http:\/\/mickyandoniehn.com\/radio\/wp-json\/wp\/v2\/comments?post=39284"}],"version-history":[{"count":0,"href":"http:\/\/mickyandoniehn.com\/radio\/wp-json\/wp\/v2\/posts\/39284\/revisions"}],"wp:featuredmedia":[{"embeddable":true,"href":"http:\/\/mickyandoniehn.com\/radio\/wp-json\/wp\/v2\/media\/39285"}],"wp:attachment":[{"href":"http:\/\/mickyandoniehn.com\/radio\/wp-json\/wp\/v2\/media?parent=39284"}],"wp:term":[{"taxonomy":"category","embeddable":true,"href":"http:\/\/mickyandoniehn.com\/radio\/wp-json\/wp\/v2\/categories?post=39284"},{"taxonomy":"post_tag","embeddable":true,"href":"http:\/\/mickyandoniehn.com\/radio\/wp-json\/wp\/v2\/tags?post=39284"}],"curies":[{"name":"wp","href":"https:\/\/api.w.org\/{rel}","templated":true}]}}