{"id":39282,"date":"2022-11-01T07:12:43","date_gmt":"2022-11-01T13:12:43","guid":{"rendered":"http:\/\/mickyandoniehn.com\/radio\/2022\/11\/01\/artista-hondureno-realizara-exposicion-conjunta-con-experimentado-artista-colombiano-en-cali\/"},"modified":"2022-11-01T07:12:43","modified_gmt":"2022-11-01T13:12:43","slug":"artista-hondureno-realizara-exposicion-conjunta-con-experimentado-artista-colombiano-en-cali","status":"publish","type":"post","link":"http:\/\/mickyandoniehn.com\/radio\/2022\/11\/01\/artista-hondureno-realizara-exposicion-conjunta-con-experimentado-artista-colombiano-en-cali\/","title":{"rendered":"Artista hondure\u00f1o realizar\u00e1 exposici\u00f3n conjunta con experimentado artista colombiano en Cal\u00ed"},"content":{"rendered":"<p><strong>Tegucigalpa,Honduras martes 01 noviembre \u00a0<\/strong><strong>2022<\/strong><\/p>\n<\/p>\n<p>El artista hondure\u00f1o Jaime Vallardo Ch\u00e1vez realizar\u00e1 una exposici\u00f3n conjunta con el experimentado artista colombiano Ricietl Vurkovitsky el pr\u00f3ximo mes de noviembre en Colombia.<\/p>\n<p>La exposici\u00f3n ser\u00e1 en ciudad Jard\u00edn en Cali, Colombia del 3 al 13 de noviembre del presente a\u00f1o.<\/p>\n<p>El artista de las \u201cMonedas Mundiales\u201d dijo \u00a0estar feliz por hacer esta nueva exposici\u00f3n junto a un artista considerado de los siete mejores del mundo.<\/p>\n<p>El artista hondure\u00f1o Jaime Vallardo Ch\u00e1vez y el\u00a0 Maestro Colombo-Judio Ricietl Vurkovitsky.<\/p>\n<p>\u201cEsta exposici\u00f3n se llevar\u00e1 a cabo en Cali una ciudad que nos ha abierto sus puertas y con el gran honor de hacerla en conjunto con el escultor Ricietl Vurkovitsky uno de los siete artistas m\u00e1s reconocidos del siglo pasado\u201d, manifest\u00f3.<\/p>\n<p>Indic\u00f3 que la exposici\u00f3n es exclusiva y donde expondr\u00e1 varias de sus obras.<\/p>\n<p>Recientemente, recibi\u00f3 una premiaci\u00f3n a mejor Obra de Arte en la Categor\u00eda De Arte Naif por la Bienal de Arte Contempor\u00e1neo de Cali 2022.<\/p>\n<p>Jaime Vallardo Ch\u00e1vez es creador de la Cruzada y Museo Itinerante del Continente Americano, asimismo, del Bicentenario de Am\u00e9rica.<\/p>\n<p><strong>Fuente:La Tribuna<\/strong><\/p>\n","protected":false},"excerpt":{"rendered":"<p>Tegucigalpa,Honduras martes 01 noviembre \u00a02022 El artista hondure\u00f1o Jaime Vallardo Ch\u00e1vez realizar\u00e1 una exposici\u00f3n conjunta con el experimentado artista colombiano Ricietl Vurkovitsky el pr\u00f3ximo mes de noviembre en Colombia. La exposici\u00f3n ser\u00e1 en ciudad Jard\u00edn en Cali, Colombia del 3 al 13 de noviembre del presente a\u00f1o. El artista de las \u201cMonedas Mundiales\u201d dijo \u00a0estar &hellip;<\/p>\n","protected":false},"author":0,"featured_media":39283,"comment_status":"open","ping_status":"open","sticky":false,"template":"","format":"standard","meta":{"_jetpack_memberships_contains_paid_content":false,"footnotes":""},"categories":[5],"tags":[],"class_list":["post-39282","post","type-post","status-publish","format-standard","has-post-thumbnail","","category-noticias"],"jetpack_sharing_enabled":true,"jetpack_featured_media_url":"http:\/\/mickyandoniehn.com\/radio\/wp-content\/uploads\/2022\/11\/chavez-y-escultor-colombiano-696x774-1-vL4eBo.jpeg","_links":{"self":[{"href":"http:\/\/mickyandoniehn.com\/radio\/wp-json\/wp\/v2\/posts\/39282","targetHints":{"allow":["GET"]}}],"collection":[{"href":"http:\/\/mickyandoniehn.com\/radio\/wp-json\/wp\/v2\/posts"}],"about":[{"href":"http:\/\/mickyandoniehn.com\/radio\/wp-json\/wp\/v2\/types\/post"}],"replies":[{"embeddable":true,"href":"http:\/\/mickyandoniehn.com\/radio\/wp-json\/wp\/v2\/comments?post=39282"}],"version-history":[{"count":0,"href":"http:\/\/mickyandoniehn.com\/radio\/wp-json\/wp\/v2\/posts\/39282\/revisions"}],"wp:featuredmedia":[{"embeddable":true,"href":"http:\/\/mickyandoniehn.com\/radio\/wp-json\/wp\/v2\/media\/39283"}],"wp:attachment":[{"href":"http:\/\/mickyandoniehn.com\/radio\/wp-json\/wp\/v2\/media?parent=39282"}],"wp:term":[{"taxonomy":"category","embeddable":true,"href":"http:\/\/mickyandoniehn.com\/radio\/wp-json\/wp\/v2\/categories?post=39282"},{"taxonomy":"post_tag","embeddable":true,"href":"http:\/\/mickyandoniehn.com\/radio\/wp-json\/wp\/v2\/tags?post=39282"}],"curies":[{"name":"wp","href":"https:\/\/api.w.org\/{rel}","templated":true}]}}