{"id":39271,"date":"2022-11-01T07:12:40","date_gmt":"2022-11-01T13:12:40","guid":{"rendered":"http:\/\/mickyandoniehn.com\/radio\/2022\/11\/01\/20-de-contagiados-por-covid-19-tarda-en-recuperarse-entre-seis-y-18-meses\/"},"modified":"2022-11-01T07:12:40","modified_gmt":"2022-11-01T13:12:40","slug":"20-de-contagiados-por-covid-19-tarda-en-recuperarse-entre-seis-y-18-meses","status":"publish","type":"post","link":"http:\/\/mickyandoniehn.com\/radio\/2022\/11\/01\/20-de-contagiados-por-covid-19-tarda-en-recuperarse-entre-seis-y-18-meses\/","title":{"rendered":"20% de contagiados por COVID-19 tarda en recuperarse entre seis y 18 meses"},"content":{"rendered":"<p><strong>Tegucigalpa,Honduras martes 01 noviembre \u00a0<\/strong><strong>2022<\/strong><\/p>\n<\/p>\n<p>Un estudio realizado por investigadores de la Universidad de Glasgow (Reino Unido), muestra que una de cada 20 personas afectadas por la COVID-19 no se hab\u00eda recuperado hasta seis y 18 meses despu\u00e9s de la infecci\u00f3n por SARS-CoV-2.<\/p>\n<p>El estudio, dirigido por la Universidad de Glasgow, en colaboraci\u00f3n con \u201cPublic Health Scotland\u201d, el NHS de Escocia y las universidades de Aberdeen y Edimburgo, y financiado por la Oficina de Cient\u00edficos Jefe del Gobierno Escoc\u00e9s, es el m\u00e1s amplio realizado al respecto hasta el momento.<\/p>\n<p>La investigaci\u00f3n fue hecha en mayo del 2021 para comprender el impacto a largo plazo de la COVID-19, y compararlo con la salud y el bienestar de las personas que a\u00fan no se hab\u00edan infectado.<\/p>\n<p>Publicado en \u201cNature Communications\u201d, en detalle, el estudio demostr\u00f3 que, en general, el 42 por ciento de las personas infectadas con COVID-19 informaron sentirse solo parcialmente recuperadas entre seis y 18 meses despu\u00e9s de la infecci\u00f3n.<\/p>\n<p>En la encuesta del estudio no se proporcionaron detalles de la recuperaci\u00f3n parcial de cada persona, pero podr\u00eda incluir una variedad de s\u00edntomas de leves a moderados, y es posible que no resulte necesariamente en un diagn\u00f3stico prolongado de COVID-19.<\/p>\n<div class=\"lg:w-[748px] lg:mx-auto\"><\/div>\n<h3>LAS SECUELAS<\/h3>\n<p>En el plano nacional, seg\u00fan el internista Omar Videa, se\u00f1al\u00f3 que esto es lo que se ha manejado en los diferentes intervalos de las investigaciones y con la experiencia de manejo de m\u00e1s pacientes post COVID-19, es algo que se puede estar presentando en Honduras.<\/p>\n<p>\u201cSe pueden estar presentando alg\u00fan tipo de secuelas aproximadamente en un 50 por ciento de las personas que han tenido COVID-19. Hay diferentes factores que se consideran\u201d, detall\u00f3.<\/p>\n<p>Al mismo tiempo, se\u00f1al\u00f3 que la caracter\u00edstica principal del paciente post COVID-19, las personas que se contagian de \u00d3micron o las subvariantes de estas, son las que m\u00e1s sufren de secuelas.<\/p>\n<p>Indic\u00f3 que durante el a\u00f1o se ha observado que las personas sufren mayor cantidad de secuelas y las variantes actuales est\u00e1n m\u00e1s relacionadas con huellas de da\u00f1os colaterales.<\/p>\n<p>\u201cOtro factor es el acortamiento del tiempo de cuarentena, al terminar esta de manera temprana no ha existido una real recuperaci\u00f3n. Aqu\u00ed destacamos secuelas como la fatiga, dificultad respiratoria, dolor en el pecho, insomnio y depresi\u00f3n\u201d, se\u00f1al\u00f3 Videa.<\/p>\n<h3>DEPRESI\u00d3N E INSOMNIO<\/h3>\n<p>La depresi\u00f3n post COVID-19 afecta a un 30 por ciento de la poblaci\u00f3n adulta que se contagia, y afecta m\u00e1s a las mujeres y adultos mayores. Mientras la fatiga y el insomnio persisten m\u00e1s en personas j\u00f3venes.<\/p>\n<p>Honduras pas\u00f3 de registrar 600 a 30 casos positivos de la COVID-19 diariamente, pero a\u00fan no se puede abandonar el uso de la mascarilla, manifest\u00f3 el doctor en medicina general y exgerente de las brigadas m\u00e9dicas COVID-19, Gustavo Riedel.<\/p>\n<p>El experto indic\u00f3 que el uso de la mascarilla debe abandonarse de forma progresiva con un avance en la vacunaci\u00f3n contra el virus, pero que a\u00fan no es el tiempo prudencial para hacerlo.<\/p>\n<p>Acept\u00f3 que existe una baja significativa de nuevos casos de la COVID-19, ya que el pa\u00eds registra en promedio 30 casos a diario despu\u00e9s de haber llegado a acumular 600 en un solo d\u00eda.<\/p>\n<p>De esta forma, indic\u00f3 que en estos momentos un promedio de 20 personas se encuentran internas por la enfermedad en diferentes hospitales del pa\u00eds y no se han registrado muertes en los \u00faltimos d\u00edas.<\/p>\n<p>Los expertos coinciden que hace dos meses se pas\u00f3 por una ola de contagios y se ha comprobado cient\u00edficamente que las oleadas se han venido dando en ciclos de cuatro a seis meses, por lo que no ser\u00eda prudente dejar el uso del cubre bocas.<em><strong> (Dilcia Sevilla)<\/strong><\/em><\/p>\n<p><em><strong>DATOS<\/strong> <\/em><br \/>\nEl m\u00e9dico interista, Omar Videa, advirti\u00f3 que Honduras se encuentra en un silencio epidemiol\u00f3gico, ya que la Secretar\u00eda de Salud (Sesal), desde el 3 de octubre pasado no presenta el informe sobre la aplicaci\u00f3n de pruebas contra la COVID-19.<\/p>\n<p>\u201cPor primera vez en la historia de la pandemia, en 133 semanas que llevamos de COVID-19, 31 meses cumplidos desde el 11 de marzo del 2020, es la primera vez que han transcurrido 13 d\u00edas sin ning\u00fan informe de pruebas\u201d, se\u00f1al\u00f3.<\/p>\n<p>Lament\u00f3 que el pa\u00eds est\u00e1 en el peor momento de la vigilancia epidemiol\u00f3gica que deber\u00eda ser reforzada. Favorablemente han descendidos las cifras del virus, pero no significa que este haya terminado y \u201cno se puede quitar la mascarilla si no se hacen prueb<\/p>\n<p><strong>Fuente:La Tribuna<\/strong><\/p>\n","protected":false},"excerpt":{"rendered":"<p>Tegucigalpa,Honduras martes 01 noviembre \u00a02022 Un estudio realizado por investigadores de la Universidad de Glasgow (Reino Unido), muestra que una de cada 20 personas afectadas por la COVID-19 no se hab\u00eda recuperado hasta seis y 18 meses despu\u00e9s de la infecci\u00f3n por SARS-CoV-2. El estudio, dirigido por la Universidad de Glasgow, en colaboraci\u00f3n con \u201cPublic &hellip;<\/p>\n","protected":false},"author":0,"featured_media":39272,"comment_status":"open","ping_status":"open","sticky":false,"template":"","format":"standard","meta":{"_jetpack_memberships_contains_paid_content":false,"footnotes":""},"categories":[5],"tags":[],"class_list":["post-39271","post","type-post","status-publish","format-standard","has-post-thumbnail","","category-noticias"],"jetpack_sharing_enabled":true,"jetpack_featured_media_url":"http:\/\/mickyandoniehn.com\/radio\/wp-content\/uploads\/2022\/11\/COVID-1-qMWyes.jpeg","_links":{"self":[{"href":"http:\/\/mickyandoniehn.com\/radio\/wp-json\/wp\/v2\/posts\/39271","targetHints":{"allow":["GET"]}}],"collection":[{"href":"http:\/\/mickyandoniehn.com\/radio\/wp-json\/wp\/v2\/posts"}],"about":[{"href":"http:\/\/mickyandoniehn.com\/radio\/wp-json\/wp\/v2\/types\/post"}],"replies":[{"embeddable":true,"href":"http:\/\/mickyandoniehn.com\/radio\/wp-json\/wp\/v2\/comments?post=39271"}],"version-history":[{"count":0,"href":"http:\/\/mickyandoniehn.com\/radio\/wp-json\/wp\/v2\/posts\/39271\/revisions"}],"wp:featuredmedia":[{"embeddable":true,"href":"http:\/\/mickyandoniehn.com\/radio\/wp-json\/wp\/v2\/media\/39272"}],"wp:attachment":[{"href":"http:\/\/mickyandoniehn.com\/radio\/wp-json\/wp\/v2\/media?parent=39271"}],"wp:term":[{"taxonomy":"category","embeddable":true,"href":"http:\/\/mickyandoniehn.com\/radio\/wp-json\/wp\/v2\/categories?post=39271"},{"taxonomy":"post_tag","embeddable":true,"href":"http:\/\/mickyandoniehn.com\/radio\/wp-json\/wp\/v2\/tags?post=39271"}],"curies":[{"name":"wp","href":"https:\/\/api.w.org\/{rel}","templated":true}]}}