{"id":39045,"date":"2022-10-29T06:12:34","date_gmt":"2022-10-29T12:12:34","guid":{"rendered":"https:\/\/mickyandoniehn.com\/radio\/2022\/10\/29\/hector-abad-escribir-sobre-curas-buenos-va-contra-lo-politicamente-correcto\/"},"modified":"2022-10-29T06:12:34","modified_gmt":"2022-10-29T12:12:34","slug":"hector-abad-escribir-sobre-curas-buenos-va-contra-lo-politicamente-correcto","status":"publish","type":"post","link":"http:\/\/mickyandoniehn.com\/radio\/2022\/10\/29\/hector-abad-escribir-sobre-curas-buenos-va-contra-lo-politicamente-correcto\/","title":{"rendered":"H\u00e9ctor Abad: Escribir sobre curas buenos va contra lo pol\u00edticamente correcto"},"content":{"rendered":"<p><strong>Tegucigalpa,Honduras s\u00e1bado 29 octubre 2022<\/strong><\/p>\n<\/p>\n<p>Dice H\u00e9ctor Abad Faciolince en su nuevo libro, \u00abSalvo mi coraz\u00f3n, todo est\u00e1 bien\u00bb, que en Colombia lo que m\u00e1s falta son sacerdotes y quiz\u00e1s por eso \u00e9l ha decidido retratar a un padre peculiar, un cura bondadoso amante de la \u00f3pera, el cine y el buen comer en un acto, desde su anticlericalismo, que va \u00abcontra lo pol\u00edticamente correcto\u00bb.<\/p>\n<p>La novela de Abad Faciolince, que publica Alfaguara y que este jueves se publica en Espa\u00f1a, aborda la vida de este noble sacerdote a la espera de un trasplante de coraz\u00f3n, que llama Luis C\u00f3rdoba en el libro y est\u00e1 inspirado en la realidad en su amigo Luis Alberto \u00c1lvarez.<\/p>\n<p>\u00abEs un libro en el que el coraz\u00f3n en el sentido literal -en el sentido org\u00e1nico, f\u00edsico, visceral- est\u00e1 muy presente y tambi\u00e9n el coraz\u00f3n metaf\u00f3rico est\u00e1 presente todo el tiempo, porque desde el punto de partida el protagonista est\u00e1 esperando un trasplante de coraz\u00f3n, una nueva vida\u00bb, explica en una entrevista con EFE el escritor nacido en Medell\u00edn en 1958.<\/p>\n<h2><strong>El coraz\u00f3n al descubierto<\/strong><\/h2>\n<p>\u00abEs una novela muy de pandemia, muy de enfermedad y de la vida amenazada\u00bb, confiesa el autor sobre \u00abSalvo mi coraz\u00f3n, todo est\u00e1 bien\u00bb.<\/p>\n<p>Era una historia que ten\u00eda en el caj\u00f3n desde hace tiempo pero que decidi\u00f3 echar a andar impulsado por el entusiasmo de amigos como el cineasta Fernando Trueba (que llev\u00f3 a la pantalla su libro \u00abEl olvido que seremos\u00bb), en una beca de estancia literaria en plena pandemia en la casa en la que Gabriel Garc\u00eda M\u00e1rquez escribi\u00f3 \u00abCien a\u00f1os de soledad\u00bb.<\/p>\n<p>\u00abYo escrib\u00eda en la habitaci\u00f3n donde dorm\u00edan Mercedes y Garc\u00eda M\u00e1rquez\u00bb, recuerda el escritor. Era \u00abintimidante\u00bb porque de ah\u00ed no pod\u00eda salir \u00abuna idiotez\u00bb, necesitaba \u00abalgo que no fuera vergonzoso\u00bb.<\/p>\n<p>Pero en medio de la oportunidad que le brindaba la Fundaci\u00f3n para las Letras Mexicanas se cruz\u00f3 un episodio personal: su propia enfermedad card\u00edaca empeor\u00f3 y tuvo que vivir una operaci\u00f3n a coraz\u00f3n abierto para un trasplante de v\u00e1lvula.<\/p>\n<p>Despu\u00e9s de \u00abEl olvido que seremos\u00bb, donde reflej\u00f3 toda la historia de su familia y en especial de su padre, H\u00e9ctor Abad G\u00f3mez, quer\u00eda escribir algo ajeno.<\/p>\n<p>\u00abQuer\u00eda escribir una novela de estos personajes que me ca\u00edan muy bien y que no ten\u00eda nada que ver conmigo, pero la enfermedad me hizo que no fuera nada ajena a m\u00ed sino que me metiera de lleno\u00bb, asegura. Y se nota en una literatura m\u00e9dica, casi hipocondr\u00edaca, al describir el coraz\u00f3n, su funcionamiento y sus fallas.<\/p>\n<p>\u00c9l, que no es religioso, que ha sido anticlerical toda la vida e incluso \u00abmatacuras\u00bb, como \u00e9l mismo dice, de repente se vio de pleno reflejado.<\/p>\n<p>Se acerc\u00f3 al personaje desde esa \u00abcercan\u00eda de la muerte\u00bb que hace \u00abpensar en qu\u00e9 es lo fundamental, qu\u00e9 es lo importante y qu\u00e9 es lo que puede pasar por la mente de alguien que est\u00e1 en una situaci\u00f3n as\u00ed y que se plantea despu\u00e9s de una operaci\u00f3n si quiere seguir viviendo de la misma manera o si de alg\u00fan modo quiere vivir de otra manera\u00bb.<\/p>\n<h2><strong>Otro tipo de padre<\/strong><\/h2>\n<p>H\u00e9ctor Abad retoma adem\u00e1s el t\u00f3pico de la paternidad, pero lo hace desde otra perspectiva y d\u00e1ndole una vuelta de tuerca: un padre que nunca realmente lleg\u00f3 a ser padre y que, por circunstancias de la vida, llega a una casa donde hay una familia sin figura paternal presente.<\/p>\n<p>Y mientras que \u00abEl olvido que seremos\u00bb fue una oda a su propio padre, esta novela est\u00e1 completamente dedicada a su madre, fallecida hace algo m\u00e1s de un a\u00f1o, porque era la religiosa de una \u00abfamilia muy contradictoria\u00bb y sufr\u00eda mucho con el ate\u00edsmo de su hijo y sus ataques a la religi\u00f3n cat\u00f3lica.<\/p>\n<p>\u00abQuer\u00eda ir contra lo que es pol\u00edticamente correcto (\u2026) quer\u00eda -parad\u00f3jicamente a pesar de que mi ate\u00edsmo que sigue siendo igual- entender por qu\u00e9 mi mam\u00e1 no era un idiota por creer y por qu\u00e9 no todos los curas son unos tontos\u00bb, dice.<\/p>\n<p>\u00abEs responsabilidad de un novelista darle la palabra al que no piensa como t\u00fa con mucha lealtad\u00bb, insiste, y as\u00ed se sale de t\u00f3picos para mostrar a un cura que cree en Dios porque le parece que \u00abla belleza de la m\u00fasica es la demostraci\u00f3n de la existencia de Dios\u00bb.<\/p>\n<p>Y de esta forma sigue convencido en su prop\u00f3sito de retratar personas verdaderamente buenas, bondadosas, en un Medell\u00edn, el de los 70, 80 y 90, que era tristemente \u00abla ciudad m\u00e1s violenta del mundo\u00bb.<\/p>\n<p><strong>Fuente: La Tribuna<\/strong><\/p>\n<p>\u00a0<\/p>\n","protected":false},"excerpt":{"rendered":"<p>Tegucigalpa,Honduras s\u00e1bado 29 octubre 2022 Dice H\u00e9ctor Abad Faciolince en su nuevo libro, \u00abSalvo mi coraz\u00f3n, todo est\u00e1 bien\u00bb, que en Colombia lo que m\u00e1s falta son sacerdotes y quiz\u00e1s por eso \u00e9l ha decidido retratar a un padre peculiar, un cura bondadoso amante de la \u00f3pera, el cine y el buen comer en un &hellip;<\/p>\n","protected":false},"author":0,"featured_media":39046,"comment_status":"open","ping_status":"open","sticky":false,"template":"","format":"standard","meta":{"_jetpack_memberships_contains_paid_content":false,"footnotes":""},"categories":[5],"tags":[],"class_list":["post-39045","post","type-post","status-publish","format-standard","has-post-thumbnail","","category-noticias"],"jetpack_sharing_enabled":true,"jetpack_featured_media_url":"http:\/\/mickyandoniehn.com\/radio\/wp-content\/uploads\/2022\/10\/Hector-Abad-696x464-1-wzIuX1.jpeg","_links":{"self":[{"href":"http:\/\/mickyandoniehn.com\/radio\/wp-json\/wp\/v2\/posts\/39045","targetHints":{"allow":["GET"]}}],"collection":[{"href":"http:\/\/mickyandoniehn.com\/radio\/wp-json\/wp\/v2\/posts"}],"about":[{"href":"http:\/\/mickyandoniehn.com\/radio\/wp-json\/wp\/v2\/types\/post"}],"replies":[{"embeddable":true,"href":"http:\/\/mickyandoniehn.com\/radio\/wp-json\/wp\/v2\/comments?post=39045"}],"version-history":[{"count":0,"href":"http:\/\/mickyandoniehn.com\/radio\/wp-json\/wp\/v2\/posts\/39045\/revisions"}],"wp:featuredmedia":[{"embeddable":true,"href":"http:\/\/mickyandoniehn.com\/radio\/wp-json\/wp\/v2\/media\/39046"}],"wp:attachment":[{"href":"http:\/\/mickyandoniehn.com\/radio\/wp-json\/wp\/v2\/media?parent=39045"}],"wp:term":[{"taxonomy":"category","embeddable":true,"href":"http:\/\/mickyandoniehn.com\/radio\/wp-json\/wp\/v2\/categories?post=39045"},{"taxonomy":"post_tag","embeddable":true,"href":"http:\/\/mickyandoniehn.com\/radio\/wp-json\/wp\/v2\/tags?post=39045"}],"curies":[{"name":"wp","href":"https:\/\/api.w.org\/{rel}","templated":true}]}}