{"id":38854,"date":"2022-10-27T09:12:31","date_gmt":"2022-10-27T15:12:31","guid":{"rendered":"http:\/\/mickyandoniehn.com\/radio\/2022\/10\/27\/angeles-de-bata-blanca-27-de-octubre-dia-del-medico-hondureno\/"},"modified":"2022-10-27T09:12:31","modified_gmt":"2022-10-27T15:12:31","slug":"angeles-de-bata-blanca-27-de-octubre-dia-del-medico-hondureno","status":"publish","type":"post","link":"http:\/\/mickyandoniehn.com\/radio\/2022\/10\/27\/angeles-de-bata-blanca-27-de-octubre-dia-del-medico-hondureno\/","title":{"rendered":"\u00a1\u00c1ngeles de bata blanca! 27 de octubre D\u00eda del M\u00e9dico Hondure\u00f1o"},"content":{"rendered":"<p><strong>Tegucigalpa,Honduras jueves 27 \u00a0octubre \u00a02022<\/strong><\/p>\n<\/p>\n<p>Los 27 de octubre se rinde un homenaje a esos \u00e1ngeles que utilizan batas blancas, encargados de velar por la salud y bienestar del pueblo hondure\u00f1o.<\/p>\n<p>Hoy es d\u00eda para \u201crendir el sombrero\u201d ante aquellos que estuvieron al frente cuando m\u00e1s los necesitabamos, por ejemplo la pandemia por COVID-19.<\/p>\n<p>Cabe mencionar, que pese a su honorable labor, es uno de los gremios m\u00e1s afectados por la falta de pago en este Gobierno, donde cada d\u00eda se registra una protesta o m\u00e1s en alg\u00fan punto del pa\u00eds.<\/p>\n<p><strong>Fuente: La Tribuna<\/strong><\/p>\n","protected":false},"excerpt":{"rendered":"<p>Tegucigalpa,Honduras jueves 27 \u00a0octubre \u00a02022 Los 27 de octubre se rinde un homenaje a esos \u00e1ngeles que utilizan batas blancas, encargados de velar por la salud y bienestar del pueblo hondure\u00f1o. Hoy es d\u00eda para \u201crendir el sombrero\u201d ante aquellos que estuvieron al frente cuando m\u00e1s los necesitabamos, por ejemplo la pandemia por COVID-19. Cabe &hellip;<\/p>\n","protected":false},"author":0,"featured_media":38855,"comment_status":"open","ping_status":"open","sticky":false,"template":"","format":"standard","meta":{"_jetpack_memberships_contains_paid_content":false,"footnotes":""},"categories":[5],"tags":[],"class_list":["post-38854","post","type-post","status-publish","format-standard","has-post-thumbnail","","category-noticias"],"jetpack_sharing_enabled":true,"jetpack_featured_media_url":"http:\/\/mickyandoniehn.com\/radio\/wp-content\/uploads\/2022\/10\/Diseno-sin-titulo-4-4-JfwIGm.png","_links":{"self":[{"href":"http:\/\/mickyandoniehn.com\/radio\/wp-json\/wp\/v2\/posts\/38854","targetHints":{"allow":["GET"]}}],"collection":[{"href":"http:\/\/mickyandoniehn.com\/radio\/wp-json\/wp\/v2\/posts"}],"about":[{"href":"http:\/\/mickyandoniehn.com\/radio\/wp-json\/wp\/v2\/types\/post"}],"replies":[{"embeddable":true,"href":"http:\/\/mickyandoniehn.com\/radio\/wp-json\/wp\/v2\/comments?post=38854"}],"version-history":[{"count":0,"href":"http:\/\/mickyandoniehn.com\/radio\/wp-json\/wp\/v2\/posts\/38854\/revisions"}],"wp:featuredmedia":[{"embeddable":true,"href":"http:\/\/mickyandoniehn.com\/radio\/wp-json\/wp\/v2\/media\/38855"}],"wp:attachment":[{"href":"http:\/\/mickyandoniehn.com\/radio\/wp-json\/wp\/v2\/media?parent=38854"}],"wp:term":[{"taxonomy":"category","embeddable":true,"href":"http:\/\/mickyandoniehn.com\/radio\/wp-json\/wp\/v2\/categories?post=38854"},{"taxonomy":"post_tag","embeddable":true,"href":"http:\/\/mickyandoniehn.com\/radio\/wp-json\/wp\/v2\/tags?post=38854"}],"curies":[{"name":"wp","href":"https:\/\/api.w.org\/{rel}","templated":true}]}}