{"id":38386,"date":"2022-10-24T07:13:09","date_gmt":"2022-10-24T13:13:09","guid":{"rendered":"http:\/\/mickyandoniehn.com\/radio\/2022\/10\/24\/24-de-octubre-dia-internacional-de-las-bibliotecas\/"},"modified":"2022-10-24T07:13:09","modified_gmt":"2022-10-24T13:13:09","slug":"24-de-octubre-dia-internacional-de-las-bibliotecas","status":"publish","type":"post","link":"http:\/\/mickyandoniehn.com\/radio\/2022\/10\/24\/24-de-octubre-dia-internacional-de-las-bibliotecas\/","title":{"rendered":"24 de octubre D\u00eda internacional de las Bibliotecas"},"content":{"rendered":"<h1>24 de octubre D\u00eda internacional de las Bibliotecas<\/h1>\n<\/p>\n<p>Desde el a\u00f1o 1997 cada 24 de octubre se celebra en varios pa\u00edses el\u00a0<strong>D\u00eda Internacional de las Bibliotecas<\/strong>. Una fecha que busca resaltar la importancia que tiene este tipo de edificaciones para la historia humana como resguardo de su cultura, de sus escritos, de sus creencias. La historia de ese d\u00eda comenz\u00f3 entre las cenizas y la perdida de cientos de miles de textos \u00fanicos.<\/p>\n<p>En 1992, la\u00a0<em><strong>Biblioteca Nacional de Sarajevo<\/strong><\/em>\u00a0qued\u00f3 totalmente en ruinas debido al conflicto b\u00e9lico de los Balcanes. La imagen que qued\u00f3 grabada en la mente del mundo fue la del m\u00fasico\u00a0<em>Vedran Smailovic<\/em>, tocando su violonchelo entre los escombros del hermoso edificio, que tambi\u00e9n hab\u00eda realizado la funci\u00f3n de\u00a0<em>Casa de Gobierno en el siglo XIX<\/em>.<\/p>\n<p>Pero, \u00bfPor qu\u00e9 atacar una biblioteca? M\u00e1s all\u00e1 de que a lo largo de la historia, muchos tiranos como Hitler, viesen en los libros una fuente de franca oposici\u00f3n y los mandasen a quemar en grandes hogueras, la realidad es que lo que deton\u00f3 la destrucci\u00f3n de la\u00a0<em><strong>Biblioteca de Sarajevo<\/strong><\/em>, fue su arquitectura que incorporaba elementos de tradici\u00f3n \u00e1rabe y oriental, recordando a todos los que pasaban por delante de ella que ya no formaban parte del\u00a0<em><strong>Imperio Otomano (Turco)<\/strong><\/em>.<\/p>\n<h2>\u00bfC\u00f3mo celebrar el D\u00eda Internacional de las Bibliotecas?<\/h2>\n<p>La respuesta es sencill\u00edsima,\u00a0<strong>simplemente visita una biblioteca ese d\u00eda<\/strong>, que seguro que tendr\u00e1n varias actividades pensadas para celebrar su d\u00eda.<\/p>\n<p>Otra manera es\u00a0<strong>compartiendo una rese\u00f1a sobre alguno de tus libros favoritas<\/strong>\u00a0e inspirando a otros a que habr\u00e1n su mente para visitar nuevos mundo en papel.<\/p><\/p>\n","protected":false},"excerpt":{"rendered":"<p>24 de octubre D\u00eda internacional de las Bibliotecas Desde el a\u00f1o 1997 cada 24 de octubre se celebra en varios pa\u00edses el\u00a0D\u00eda Internacional de las Bibliotecas. Una fecha que busca resaltar la importancia que tiene este tipo de edificaciones para la historia humana como resguardo de su cultura, de sus escritos, de sus creencias. La &hellip;<\/p>\n","protected":false},"author":0,"featured_media":38387,"comment_status":"open","ping_status":"open","sticky":false,"template":"","format":"standard","meta":{"_jetpack_memberships_contains_paid_content":false,"footnotes":""},"categories":[5],"tags":[],"class_list":["post-38386","post","type-post","status-publish","format-standard","has-post-thumbnail","","category-noticias"],"jetpack_sharing_enabled":true,"jetpack_featured_media_url":"http:\/\/mickyandoniehn.com\/radio\/wp-content\/uploads\/2022\/10\/OIP-1-spAbTN.jpeg","_links":{"self":[{"href":"http:\/\/mickyandoniehn.com\/radio\/wp-json\/wp\/v2\/posts\/38386","targetHints":{"allow":["GET"]}}],"collection":[{"href":"http:\/\/mickyandoniehn.com\/radio\/wp-json\/wp\/v2\/posts"}],"about":[{"href":"http:\/\/mickyandoniehn.com\/radio\/wp-json\/wp\/v2\/types\/post"}],"replies":[{"embeddable":true,"href":"http:\/\/mickyandoniehn.com\/radio\/wp-json\/wp\/v2\/comments?post=38386"}],"version-history":[{"count":0,"href":"http:\/\/mickyandoniehn.com\/radio\/wp-json\/wp\/v2\/posts\/38386\/revisions"}],"wp:featuredmedia":[{"embeddable":true,"href":"http:\/\/mickyandoniehn.com\/radio\/wp-json\/wp\/v2\/media\/38387"}],"wp:attachment":[{"href":"http:\/\/mickyandoniehn.com\/radio\/wp-json\/wp\/v2\/media?parent=38386"}],"wp:term":[{"taxonomy":"category","embeddable":true,"href":"http:\/\/mickyandoniehn.com\/radio\/wp-json\/wp\/v2\/categories?post=38386"},{"taxonomy":"post_tag","embeddable":true,"href":"http:\/\/mickyandoniehn.com\/radio\/wp-json\/wp\/v2\/tags?post=38386"}],"curies":[{"name":"wp","href":"https:\/\/api.w.org\/{rel}","templated":true}]}}