{"id":38381,"date":"2022-10-24T07:13:06","date_gmt":"2022-10-24T13:13:06","guid":{"rendered":"http:\/\/mickyandoniehn.com\/radio\/2022\/10\/24\/24-de-octubre-dia-de-las-naciones-unidas\/"},"modified":"2022-10-24T07:13:06","modified_gmt":"2022-10-24T13:13:06","slug":"24-de-octubre-dia-de-las-naciones-unidas","status":"publish","type":"post","link":"http:\/\/mickyandoniehn.com\/radio\/2022\/10\/24\/24-de-octubre-dia-de-las-naciones-unidas\/","title":{"rendered":"24 de octubre: D\u00eda de las Naciones Unidas"},"content":{"rendered":"<\/p>\n<p>El D\u00eda de la ONU marca el aniversario de la entrada en vigor en 1945 de la Carta de las Naciones Unidas. Con la ratificaci\u00f3n de este documento fundacional de la mayor\u00eda de sus signatarios, incluidos los cinco miembros permanentes del Consejo de Seguridad, las Naciones Unidas entr\u00f3 oficialmente en vigor.<\/p>\n<p>El 24 de octubre se ha celebrado como D\u00eda de las Naciones Unidas desde 1948. En 1971, la Asamblea General de Naciones Unidas recomienda\u00a0\u00a0que el d\u00eda se observe por los Estados miembros como un d\u00eda festivo.<\/p>\n<p>El D\u00eda de las Naciones Unidas de este a\u00f1o resaltar\u00e1 las acciones concretas que las personas pueden realizar para ayudar a alcanzar los Objetivos de desarrollo sostenible.<\/p>\n<h3>Concierto del D\u00eda de las Naciones Unidas \u2013 24 de octubre en el sal\u00f3n de la Asamblea General<\/h3>\n<p>Un concierto para celebrar y reflexionar sobre el trabajo de la ONU a trav\u00e9s del lenguaje universal de la m\u00fasica, con la \u00d3pera Nacional de Hungr\u00eda con la actuaci\u00f3n de la soprano Andrea Rost y otros artistas notables. El tema del concierto de este a\u00f1o es \u00abLa libertad primero\u00bb<\/p>\n<p>Fuente:\u00a0un.org<\/p>\n","protected":false},"excerpt":{"rendered":"<p>El D\u00eda de la ONU marca el aniversario de la entrada en vigor en 1945 de la Carta de las Naciones Unidas. Con la ratificaci\u00f3n de este documento fundacional de la mayor\u00eda de sus signatarios, incluidos los cinco miembros permanentes del Consejo de Seguridad, las Naciones Unidas entr\u00f3 oficialmente en vigor. El 24 de octubre &hellip;<\/p>\n","protected":false},"author":0,"featured_media":38382,"comment_status":"open","ping_status":"open","sticky":false,"template":"","format":"standard","meta":{"_jetpack_memberships_contains_paid_content":false,"footnotes":""},"categories":[5],"tags":[],"class_list":["post-38381","post","type-post","status-publish","format-standard","has-post-thumbnail","","category-noticias"],"jetpack_sharing_enabled":true,"jetpack_featured_media_url":"http:\/\/mickyandoniehn.com\/radio\/wp-content\/uploads\/2022\/10\/dia-de-las-naciones-unidad-24-de-octubre-alTkvt.jpeg","_links":{"self":[{"href":"http:\/\/mickyandoniehn.com\/radio\/wp-json\/wp\/v2\/posts\/38381","targetHints":{"allow":["GET"]}}],"collection":[{"href":"http:\/\/mickyandoniehn.com\/radio\/wp-json\/wp\/v2\/posts"}],"about":[{"href":"http:\/\/mickyandoniehn.com\/radio\/wp-json\/wp\/v2\/types\/post"}],"replies":[{"embeddable":true,"href":"http:\/\/mickyandoniehn.com\/radio\/wp-json\/wp\/v2\/comments?post=38381"}],"version-history":[{"count":0,"href":"http:\/\/mickyandoniehn.com\/radio\/wp-json\/wp\/v2\/posts\/38381\/revisions"}],"wp:featuredmedia":[{"embeddable":true,"href":"http:\/\/mickyandoniehn.com\/radio\/wp-json\/wp\/v2\/media\/38382"}],"wp:attachment":[{"href":"http:\/\/mickyandoniehn.com\/radio\/wp-json\/wp\/v2\/media?parent=38381"}],"wp:term":[{"taxonomy":"category","embeddable":true,"href":"http:\/\/mickyandoniehn.com\/radio\/wp-json\/wp\/v2\/categories?post=38381"},{"taxonomy":"post_tag","embeddable":true,"href":"http:\/\/mickyandoniehn.com\/radio\/wp-json\/wp\/v2\/tags?post=38381"}],"curies":[{"name":"wp","href":"https:\/\/api.w.org\/{rel}","templated":true}]}}