{"id":38379,"date":"2022-10-24T07:13:06","date_gmt":"2022-10-24T13:13:06","guid":{"rendered":"http:\/\/mickyandoniehn.com\/radio\/2022\/10\/24\/24-de-octubre-dia-mundial-contra-la-polio\/"},"modified":"2022-10-24T07:13:06","modified_gmt":"2022-10-24T13:13:06","slug":"24-de-octubre-dia-mundial-contra-la-polio","status":"publish","type":"post","link":"http:\/\/mickyandoniehn.com\/radio\/2022\/10\/24\/24-de-octubre-dia-mundial-contra-la-polio\/","title":{"rendered":"24 de octubre D\u00eda Mundial contra la Polio"},"content":{"rendered":"<h1>24 de octubre D\u00eda Mundial contra la Polio<\/h1>\n<\/p>\n<p>El 24 de octubre se celebra el\u00a0<strong>D\u00eda Mundial contra la Polio<\/strong>, con la finalidad de fortalecer el compromiso para erradicar la poliomielitis a nivel global, mediante la aplicaci\u00f3n de vacunas.<\/p>\n<p>Esta efem\u00e9ride fue promovida en el a\u00f1o 1988 por el Rotary Internacional. Cada a\u00f1o se realizan campa\u00f1as que pretenden concienciar y ayudar a erradicar la polio en el mundo.<\/p>\n<h2>\u00bfPor qu\u00e9 se celebra el 24 de octubre?<\/h2>\n<p>La fecha escogida es un tributo y\u00a0<strong>celebraci\u00f3n al nacimiento de Jonas Salk<\/strong>, el investigador estadounidense que hizo posible el desarrollo de la vacuna que logr\u00f3 prevenir esta terrible enfermedad.<\/p>\n<p><strong>La poliomielitis o polio es una enfermedad infecto-contagiosa que afecta el sistema nervioso central<\/strong>. Puede causar inflamaci\u00f3n del cerebro y de las neuronas motoras de la m\u00e9dula espinal, llegando a causar atrofia muscular, par\u00e1lisis, par\u00e1lisis permanente, deformidad y hasta la muerte. Los afectados son principalmente ni\u00f1os.<\/p>\n<p>Esta enfermedad se transmite de una persona a otra por v\u00eda oral, ya que el virus se transporta en el agua o con los alimentos contaminados con materia fecal de otra persona infectada. Al llegar al intestino el virus se multiplica y se excreta, propag\u00e1ndose entre unos y otros. Aunque es una enfermedad infecciosa, puede combatirse y evitarse con la vacunaci\u00f3n.<\/p>\n<h2>La iniciativa de Rotary Internacional<\/h2>\n<p>En 1979, Rotary Internacional inici\u00f3 un proyecto destinado a administrar vacunas en Filipinas, logrando beneficiar a m\u00e1s de seis millones de ni\u00f1os. Seis a\u00f1os despu\u00e9s, lanz\u00f3 la campa\u00f1a internacional denominada\u00a0<strong>Polio Plus<\/strong>, buscando con ello recaudar 120 millones de d\u00f3lares en la lucha contra la enfermedad.<\/p>\n<p>En 1988, por iniciativa de Rotary, y conjuntamente con la Organizaci\u00f3n Mundial de la Salud, UNICEF y los Centros de Control y Prevenci\u00f3n de Enfermedades se lanz\u00f3 la\u00a0<em><strong>Iniciativa Mundial para la Erradicaci\u00f3n de la Polio<\/strong><\/em>. Posteriormente se unieron otros organismos como la Fundaci\u00f3n Bill y Melinda Gates.<\/p>\n<p>Gracias al trabajo de estas organizaciones, artistas y voluntarios, la polio se ha erradicado en la mayor\u00eda de los pa\u00edses, pero sigue siendo end\u00e9mica en algunas naciones como Pakist\u00e1n, Afganist\u00e1n y Nigeria, aunque en este \u00faltimo no se han registrado nuevos casos.<\/p>\n<p>Todos podemos contribuir a erradicar esta enfermedad. Podemos ayudar inform\u00e1ndonos y divulgar informaci\u00f3n sobre esta enfermedad con familiares, amigos y conocidos, as\u00ed como la importancia de vacunar a nuestros hijos.<\/p><\/p>\n","protected":false},"excerpt":{"rendered":"<p>24 de octubre D\u00eda Mundial contra la Polio El 24 de octubre se celebra el\u00a0D\u00eda Mundial contra la Polio, con la finalidad de fortalecer el compromiso para erradicar la poliomielitis a nivel global, mediante la aplicaci\u00f3n de vacunas. Esta efem\u00e9ride fue promovida en el a\u00f1o 1988 por el Rotary Internacional. Cada a\u00f1o se realizan campa\u00f1as &hellip;<\/p>\n","protected":false},"author":0,"featured_media":38380,"comment_status":"open","ping_status":"open","sticky":false,"template":"","format":"standard","meta":{"_jetpack_memberships_contains_paid_content":false,"footnotes":""},"categories":[5],"tags":[],"class_list":["post-38379","post","type-post","status-publish","format-standard","has-post-thumbnail","","category-noticias"],"jetpack_sharing_enabled":true,"jetpack_featured_media_url":"http:\/\/mickyandoniehn.com\/radio\/wp-content\/uploads\/2022\/10\/2018.10.23_Dia-Mundial-de-la-lucha-contra-la-Poliomielitis_660x400px-01-1024x621-1-sjEthy.jpeg","_links":{"self":[{"href":"http:\/\/mickyandoniehn.com\/radio\/wp-json\/wp\/v2\/posts\/38379","targetHints":{"allow":["GET"]}}],"collection":[{"href":"http:\/\/mickyandoniehn.com\/radio\/wp-json\/wp\/v2\/posts"}],"about":[{"href":"http:\/\/mickyandoniehn.com\/radio\/wp-json\/wp\/v2\/types\/post"}],"replies":[{"embeddable":true,"href":"http:\/\/mickyandoniehn.com\/radio\/wp-json\/wp\/v2\/comments?post=38379"}],"version-history":[{"count":0,"href":"http:\/\/mickyandoniehn.com\/radio\/wp-json\/wp\/v2\/posts\/38379\/revisions"}],"wp:featuredmedia":[{"embeddable":true,"href":"http:\/\/mickyandoniehn.com\/radio\/wp-json\/wp\/v2\/media\/38380"}],"wp:attachment":[{"href":"http:\/\/mickyandoniehn.com\/radio\/wp-json\/wp\/v2\/media?parent=38379"}],"wp:term":[{"taxonomy":"category","embeddable":true,"href":"http:\/\/mickyandoniehn.com\/radio\/wp-json\/wp\/v2\/categories?post=38379"},{"taxonomy":"post_tag","embeddable":true,"href":"http:\/\/mickyandoniehn.com\/radio\/wp-json\/wp\/v2\/tags?post=38379"}],"curies":[{"name":"wp","href":"https:\/\/api.w.org\/{rel}","templated":true}]}}