{"id":38371,"date":"2022-10-24T06:12:35","date_gmt":"2022-10-24T12:12:35","guid":{"rendered":"http:\/\/mickyandoniehn.com\/radio\/2022\/10\/24\/hagamosla-circular-la-campana-de-reciclaje-para-proteger-el-ecosistema-del-lago-de-yojoa\/"},"modified":"2022-10-24T06:12:35","modified_gmt":"2022-10-24T12:12:35","slug":"hagamosla-circular-la-campana-de-reciclaje-para-proteger-el-ecosistema-del-lago-de-yojoa","status":"publish","type":"post","link":"http:\/\/mickyandoniehn.com\/radio\/2022\/10\/24\/hagamosla-circular-la-campana-de-reciclaje-para-proteger-el-ecosistema-del-lago-de-yojoa\/","title":{"rendered":"\u201cHag\u00e1mosla Circular\u201d, la campa\u00f1a de reciclaje para proteger el ecosistema del Lago de Yojoa"},"content":{"rendered":"<p><strong>Tegucigalpa,Honduras lunes 24 \u00a0 \u00a0octubre 2022<\/strong><\/p>\n<\/p>\n<p>El sector tur\u00edstico del Lago de Yojoa realiz\u00f3 por segunda vez el lanzamiento de la campa\u00f1a de reciclaje \u201cHag\u00e1mosla Circular\u201d por parte de la Cervecer\u00eda Hondure\u00f1a, con el fin de proteger el ecosistema.<\/p>\n<p>En el evento particip\u00f3 la viceministra de Turismo, Reizel Vilorio, Fernando Campo, presidente de la C\u00e1mara Nacional de Turismo filial Lago de Yojoa, Karla Aguilera, directora legal de la Cervecer\u00eda Hondure\u00f1a, entre otros.<\/p>\n<p>Para esta ocasi\u00f3n, la Cervecer\u00eda Hondure\u00f1a y AMUPROLAGO anunciaron el establecimiento del primer centro de acopio de materiales reciclables en la Cuenca del Lago de Yojoa, proyecto que dar\u00e1 inicio en los pr\u00f3ximos meses y que contar\u00e1 con el equipamiento log\u00edstico para su operatividad como parte de los apoyos del programa: \u201cHag\u00e1mosla Circular\u201d.<\/p>\n<p><a href=\"https:\/\/hondudiario.com\/wp-content\/uploads\/2022\/10\/Captura-36.jpg\">El programa \u201cHag\u00e1mosla Circular\u201d, se activ\u00f3 a inicios de abril de este a\u00f1o y se ha venido fortaleciendo con los restaurantes y negocios tur\u00edsticos.<\/a><\/p>\n<p><a href=\"https:\/\/hondudiario.com\/wp-content\/uploads\/2022\/10\/Captura-36.jpg\">A la fecha se han instalado 23 colectores de reciclaje para botellas pl\u00e1sticas en diferentes restaurantes y zonas tur\u00edsticas del lago y la implementaci\u00f3n de campa\u00f1as de comunicaci\u00f3n con mayor enfoque durante el verano.<\/a><\/p>\n<p><strong>Fuente: La Tribuna<\/strong><\/p>\n","protected":false},"excerpt":{"rendered":"<p>Tegucigalpa,Honduras lunes 24 \u00a0 \u00a0octubre 2022 El sector tur\u00edstico del Lago de Yojoa realiz\u00f3 por segunda vez el lanzamiento de la campa\u00f1a de reciclaje \u201cHag\u00e1mosla Circular\u201d por parte de la Cervecer\u00eda Hondure\u00f1a, con el fin de proteger el ecosistema. En el evento particip\u00f3 la viceministra de Turismo, Reizel Vilorio, Fernando Campo, presidente de la C\u00e1mara &hellip;<\/p>\n","protected":false},"author":0,"featured_media":38372,"comment_status":"open","ping_status":"open","sticky":false,"template":"","format":"standard","meta":{"_jetpack_memberships_contains_paid_content":false,"footnotes":""},"categories":[5],"tags":[],"class_list":["post-38371","post","type-post","status-publish","format-standard","has-post-thumbnail","","category-noticias"],"jetpack_sharing_enabled":true,"jetpack_featured_media_url":"http:\/\/mickyandoniehn.com\/radio\/wp-content\/uploads\/2022\/10\/CIR1-h2xLdW.jpeg","_links":{"self":[{"href":"http:\/\/mickyandoniehn.com\/radio\/wp-json\/wp\/v2\/posts\/38371","targetHints":{"allow":["GET"]}}],"collection":[{"href":"http:\/\/mickyandoniehn.com\/radio\/wp-json\/wp\/v2\/posts"}],"about":[{"href":"http:\/\/mickyandoniehn.com\/radio\/wp-json\/wp\/v2\/types\/post"}],"replies":[{"embeddable":true,"href":"http:\/\/mickyandoniehn.com\/radio\/wp-json\/wp\/v2\/comments?post=38371"}],"version-history":[{"count":0,"href":"http:\/\/mickyandoniehn.com\/radio\/wp-json\/wp\/v2\/posts\/38371\/revisions"}],"wp:featuredmedia":[{"embeddable":true,"href":"http:\/\/mickyandoniehn.com\/radio\/wp-json\/wp\/v2\/media\/38372"}],"wp:attachment":[{"href":"http:\/\/mickyandoniehn.com\/radio\/wp-json\/wp\/v2\/media?parent=38371"}],"wp:term":[{"taxonomy":"category","embeddable":true,"href":"http:\/\/mickyandoniehn.com\/radio\/wp-json\/wp\/v2\/categories?post=38371"},{"taxonomy":"post_tag","embeddable":true,"href":"http:\/\/mickyandoniehn.com\/radio\/wp-json\/wp\/v2\/tags?post=38371"}],"curies":[{"name":"wp","href":"https:\/\/api.w.org\/{rel}","templated":true}]}}