{"id":38357,"date":"2022-10-23T07:12:41","date_gmt":"2022-10-23T13:12:41","guid":{"rendered":"https:\/\/mickyandoniehn.com\/radio\/2022\/10\/23\/la-cubana-omara-portuondo-compartira-escenario-con-natalia-lafourcade-en-eeuu\/"},"modified":"2022-10-23T07:12:41","modified_gmt":"2022-10-23T13:12:41","slug":"la-cubana-omara-portuondo-compartira-escenario-con-natalia-lafourcade-en-eeuu","status":"publish","type":"post","link":"http:\/\/mickyandoniehn.com\/radio\/2022\/10\/23\/la-cubana-omara-portuondo-compartira-escenario-con-natalia-lafourcade-en-eeuu\/","title":{"rendered":"La cubana Omara Portuondo compartir\u00e1 escenario con Natalia Lafourcade en EEUU"},"content":{"rendered":"<p><strong>Tegucigalpa,Honduras domingo 23 octubre 2022<\/strong><\/p>\n<\/p>\n<p>La cantante cubana Omara Portuondo compartir\u00e1 escenario con la mexicana Natalia Lafourcade en el Carnegie Hall de Nueva York el pr\u00f3ximo 27 de octubre, reportan este s\u00e1bado medios de prensa de la isla.<\/p>\n<p>La Diva del Buena Vista Social Club interpretar\u00e1 junto con la vocalista mexicana temas de su m\u00e1s reciente \u00e1lbum \u00abDe todas las flores\u00bb compuesto por 12 canciones, seg\u00fan la agencia estatal Prensa Latina.<\/p>\n<p>Portuondo, de 91 a\u00f1os, refiri\u00f3 sentirse honrada y agradecida por la invitaci\u00f3n hecha por Lafourcade, quien asegur\u00f3 estar \u00abs\u00faper emocionada y profundamente agradecida de que aceptara\u00bb.<\/p>\n<p>La tambi\u00e9n conocida como \u00abnovia del feeling\u00bb se despidi\u00f3 de los escenarios internacionales este a\u00f1o con una gira por Espa\u00f1a.<\/p>\n<p>Entre los reconocimientos que ha recibido durante su reconocida carrera musical figuran un premio Grammy, dos Grammy Latinos y el prestigioso premio Billboard de la M\u00fasica Latina, en 2005.<\/p>\n<p>En 2019 recibi\u00f3 el premio Latino a la Excelencia Musical.<\/p>\n<p>A ello se suman sus nominaciones por la Academia Grammy Latina en 1998, 1999, 2001, 2002, 2004 y 2005, y la \u00faltima en 2021 por la canci\u00f3n \u00abBolero a la Vida\u00bb, grabada junto a la cantautora guatemalteca Gavy Moreno.<\/p>\n<p>La int\u00e9rprete de g\u00e9neros como el jazz, la nueva trova, la canci\u00f3n tradicional cubana, el son, el danz\u00f3n, el bolero y la habaneras estren\u00f3 durante la pandemia su fonograma \u00abMariposas\u00bb (2020), que fue nominado al premio Grammy Latino en la categor\u00eda de Mejor \u00c1lbum Contempor\u00e1neo Tropical.<\/p>\n<p><strong>Fuente: La Tribuna<\/strong><\/p>\n","protected":false},"excerpt":{"rendered":"<p>Tegucigalpa,Honduras domingo 23 octubre 2022 La cantante cubana Omara Portuondo compartir\u00e1 escenario con la mexicana Natalia Lafourcade en el Carnegie Hall de Nueva York el pr\u00f3ximo 27 de octubre, reportan este s\u00e1bado medios de prensa de la isla. La Diva del Buena Vista Social Club interpretar\u00e1 junto con la vocalista mexicana temas de su m\u00e1s &hellip;<\/p>\n","protected":false},"author":0,"featured_media":38358,"comment_status":"open","ping_status":"open","sticky":false,"template":"","format":"standard","meta":{"_jetpack_memberships_contains_paid_content":false,"footnotes":""},"categories":[5],"tags":[],"class_list":["post-38357","post","type-post","status-publish","format-standard","has-post-thumbnail","","category-noticias"],"jetpack_sharing_enabled":true,"jetpack_featured_media_url":"http:\/\/mickyandoniehn.com\/radio\/wp-content\/uploads\/2022\/10\/Lafourcade-696x428-1-CxY2Rb.jpeg","_links":{"self":[{"href":"http:\/\/mickyandoniehn.com\/radio\/wp-json\/wp\/v2\/posts\/38357","targetHints":{"allow":["GET"]}}],"collection":[{"href":"http:\/\/mickyandoniehn.com\/radio\/wp-json\/wp\/v2\/posts"}],"about":[{"href":"http:\/\/mickyandoniehn.com\/radio\/wp-json\/wp\/v2\/types\/post"}],"replies":[{"embeddable":true,"href":"http:\/\/mickyandoniehn.com\/radio\/wp-json\/wp\/v2\/comments?post=38357"}],"version-history":[{"count":0,"href":"http:\/\/mickyandoniehn.com\/radio\/wp-json\/wp\/v2\/posts\/38357\/revisions"}],"wp:featuredmedia":[{"embeddable":true,"href":"http:\/\/mickyandoniehn.com\/radio\/wp-json\/wp\/v2\/media\/38358"}],"wp:attachment":[{"href":"http:\/\/mickyandoniehn.com\/radio\/wp-json\/wp\/v2\/media?parent=38357"}],"wp:term":[{"taxonomy":"category","embeddable":true,"href":"http:\/\/mickyandoniehn.com\/radio\/wp-json\/wp\/v2\/categories?post=38357"},{"taxonomy":"post_tag","embeddable":true,"href":"http:\/\/mickyandoniehn.com\/radio\/wp-json\/wp\/v2\/tags?post=38357"}],"curies":[{"name":"wp","href":"https:\/\/api.w.org\/{rel}","templated":true}]}}