{"id":35588,"date":"2026-09-05T07:00:06","date_gmt":"2026-09-05T13:00:06","guid":{"rendered":"https:\/\/mickyandoniehn.com\/radio\/?p=35588"},"modified":"2025-09-16T18:42:37","modified_gmt":"2025-09-17T00:42:37","slug":"05-de-septiembre-de-2017-el-ex-cantante-principal-de-tower-of-power-rick-stevens-murio-aa-los-77-anos-despues-de-una-batalla-contra-el-cancer","status":"publish","type":"post","link":"http:\/\/mickyandoniehn.com\/radio\/2026\/09\/05\/05-de-septiembre-de-2017-el-ex-cantante-principal-de-tower-of-power-rick-stevens-murio-aa-los-77-anos-despues-de-una-batalla-contra-el-cancer\/","title":{"rendered":"UN DIA COMO HOY EN LA HISTORIA. 05 de septiembre de 2017. El ex cantante principal de Tower Of Power, Rick Stevens, muri\u00f3 aa los 77 a\u00f1os despu\u00e9s de una batalla contra el cancer."},"content":{"rendered":"<p><img loading=\"lazy\" decoding=\"async\" class=\"aligncenter wp-image-78604 size-full\" src=\"http:\/\/mickyandoniehn.com\/radio\/wp-content\/uploads\/2023\/09\/13-1.jpg\" alt=\"\" width=\"544\" height=\"481\" srcset=\"http:\/\/mickyandoniehn.com\/radio\/wp-content\/uploads\/2023\/09\/13-1.jpg 544w, http:\/\/mickyandoniehn.com\/radio\/wp-content\/uploads\/2023\/09\/13-1-300x265.jpg 300w\" sizes=\"auto, (max-width: 544px) 100vw, 544px\" \/><\/p>\n","protected":false},"excerpt":{"rendered":"","protected":false},"author":1,"featured_media":78607,"comment_status":"open","ping_status":"open","sticky":false,"template":"","format":"standard","meta":{"_jetpack_memberships_contains_paid_content":false,"footnotes":""},"categories":[18],"tags":[],"class_list":["post-35588","post","type-post","status-publish","format-standard","has-post-thumbnail","","category-un-dia-como-hoy-en-la-historia-de-la-musica"],"jetpack_sharing_enabled":true,"jetpack_featured_media_url":"http:\/\/mickyandoniehn.com\/radio\/wp-content\/uploads\/2023\/09\/El-ex-cantante-principal-de-Tower-of-Power.png","_links":{"self":[{"href":"http:\/\/mickyandoniehn.com\/radio\/wp-json\/wp\/v2\/posts\/35588","targetHints":{"allow":["GET"]}}],"collection":[{"href":"http:\/\/mickyandoniehn.com\/radio\/wp-json\/wp\/v2\/posts"}],"about":[{"href":"http:\/\/mickyandoniehn.com\/radio\/wp-json\/wp\/v2\/types\/post"}],"author":[{"embeddable":true,"href":"http:\/\/mickyandoniehn.com\/radio\/wp-json\/wp\/v2\/users\/1"}],"replies":[{"embeddable":true,"href":"http:\/\/mickyandoniehn.com\/radio\/wp-json\/wp\/v2\/comments?post=35588"}],"version-history":[{"count":2,"href":"http:\/\/mickyandoniehn.com\/radio\/wp-json\/wp\/v2\/posts\/35588\/revisions"}],"predecessor-version":[{"id":78633,"href":"http:\/\/mickyandoniehn.com\/radio\/wp-json\/wp\/v2\/posts\/35588\/revisions\/78633"}],"wp:featuredmedia":[{"embeddable":true,"href":"http:\/\/mickyandoniehn.com\/radio\/wp-json\/wp\/v2\/media\/78607"}],"wp:attachment":[{"href":"http:\/\/mickyandoniehn.com\/radio\/wp-json\/wp\/v2\/media?parent=35588"}],"wp:term":[{"taxonomy":"category","embeddable":true,"href":"http:\/\/mickyandoniehn.com\/radio\/wp-json\/wp\/v2\/categories?post=35588"},{"taxonomy":"post_tag","embeddable":true,"href":"http:\/\/mickyandoniehn.com\/radio\/wp-json\/wp\/v2\/tags?post=35588"}],"curies":[{"name":"wp","href":"https:\/\/api.w.org\/{rel}","templated":true}]}}