{"id":35494,"date":"2026-09-03T07:00:24","date_gmt":"2026-09-03T13:00:24","guid":{"rendered":"https:\/\/mickyandoniehn.com\/radio\/?p=35494"},"modified":"2025-09-16T18:02:00","modified_gmt":"2025-09-17T00:02:00","slug":"03-de-septiembre-de-2017-el-cofundador-y-guitarrista-de-steely-dan-walter-becker-muere-de-cancer-de-esofago-a-los-67-anos","status":"publish","type":"post","link":"http:\/\/mickyandoniehn.com\/radio\/2026\/09\/03\/03-de-septiembre-de-2017-el-cofundador-y-guitarrista-de-steely-dan-walter-becker-muere-de-cancer-de-esofago-a-los-67-anos\/","title":{"rendered":"UN DIA COMO HOY EN LA HISTORIA. 03 de septiembre de 2017. El cofundador y guitarrista de Steely Dan, Walter Becker, muere de c\u00e1ncer de es\u00f3fago a los 67 a\u00f1os."},"content":{"rendered":"<p><img loading=\"lazy\" decoding=\"async\" class=\"aligncenter wp-image-78520 size-full\" src=\"http:\/\/mickyandoniehn.com\/radio\/wp-content\/uploads\/2023\/09\/1-2.jpg\" alt=\"\" width=\"517\" height=\"474\" srcset=\"http:\/\/mickyandoniehn.com\/radio\/wp-content\/uploads\/2023\/09\/1-2.jpg 517w, http:\/\/mickyandoniehn.com\/radio\/wp-content\/uploads\/2023\/09\/1-2-300x275.jpg 300w\" sizes=\"auto, (max-width: 517px) 100vw, 517px\" \/><\/p>\n","protected":false},"excerpt":{"rendered":"","protected":false},"author":1,"featured_media":78524,"comment_status":"open","ping_status":"open","sticky":false,"template":"","format":"standard","meta":{"_jetpack_memberships_contains_paid_content":false,"footnotes":""},"categories":[18],"tags":[],"class_list":["post-35494","post","type-post","status-publish","format-standard","has-post-thumbnail","","category-un-dia-como-hoy-en-la-historia-de-la-musica"],"jetpack_sharing_enabled":true,"jetpack_featured_media_url":"http:\/\/mickyandoniehn.com\/radio\/wp-content\/uploads\/2023\/09\/El-cofundador-y-guitarrista-de-Steely-Dan.jpg","_links":{"self":[{"href":"http:\/\/mickyandoniehn.com\/radio\/wp-json\/wp\/v2\/posts\/35494","targetHints":{"allow":["GET"]}}],"collection":[{"href":"http:\/\/mickyandoniehn.com\/radio\/wp-json\/wp\/v2\/posts"}],"about":[{"href":"http:\/\/mickyandoniehn.com\/radio\/wp-json\/wp\/v2\/types\/post"}],"author":[{"embeddable":true,"href":"http:\/\/mickyandoniehn.com\/radio\/wp-json\/wp\/v2\/users\/1"}],"replies":[{"embeddable":true,"href":"http:\/\/mickyandoniehn.com\/radio\/wp-json\/wp\/v2\/comments?post=35494"}],"version-history":[{"count":3,"href":"http:\/\/mickyandoniehn.com\/radio\/wp-json\/wp\/v2\/posts\/35494\/revisions"}],"predecessor-version":[{"id":78528,"href":"http:\/\/mickyandoniehn.com\/radio\/wp-json\/wp\/v2\/posts\/35494\/revisions\/78528"}],"wp:featuredmedia":[{"embeddable":true,"href":"http:\/\/mickyandoniehn.com\/radio\/wp-json\/wp\/v2\/media\/78524"}],"wp:attachment":[{"href":"http:\/\/mickyandoniehn.com\/radio\/wp-json\/wp\/v2\/media?parent=35494"}],"wp:term":[{"taxonomy":"category","embeddable":true,"href":"http:\/\/mickyandoniehn.com\/radio\/wp-json\/wp\/v2\/categories?post=35494"},{"taxonomy":"post_tag","embeddable":true,"href":"http:\/\/mickyandoniehn.com\/radio\/wp-json\/wp\/v2\/tags?post=35494"}],"curies":[{"name":"wp","href":"https:\/\/api.w.org\/{rel}","templated":true}]}}