{"id":35473,"date":"2026-09-02T06:50:29","date_gmt":"2026-09-02T12:50:29","guid":{"rendered":"https:\/\/mickyandoniehn.com\/radio\/?p=35473"},"modified":"2025-09-16T17:48:05","modified_gmt":"2025-09-16T23:48:05","slug":"02-de-septiembre-de-2006-el-cantante-principal-de-los-isley-brothers-ronald-isley-fue-sentenciado-a-tres-anos-de-prision-por-multiples-cargos-de-fraude-fiscal","status":"publish","type":"post","link":"http:\/\/mickyandoniehn.com\/radio\/2026\/09\/02\/02-de-septiembre-de-2006-el-cantante-principal-de-los-isley-brothers-ronald-isley-fue-sentenciado-a-tres-anos-de-prision-por-multiples-cargos-de-fraude-fiscal\/","title":{"rendered":"UN DIA COMO HOY EN LA HISTORIA. 02 de septiembre de 2006. El cantante principal de los Isley Brothers, Ronald Isley, fue sentenciado a tres a\u00f1os de prisi\u00f3n por m\u00faltiples cargos de fraude fiscal."},"content":{"rendered":"<p><img loading=\"lazy\" decoding=\"async\" class=\"aligncenter wp-image-78408 size-full\" src=\"http:\/\/mickyandoniehn.com\/radio\/wp-content\/uploads\/2023\/09\/11-1.jpg\" alt=\"\" width=\"550\" height=\"667\" srcset=\"http:\/\/mickyandoniehn.com\/radio\/wp-content\/uploads\/2023\/09\/11-1.jpg 550w, http:\/\/mickyandoniehn.com\/radio\/wp-content\/uploads\/2023\/09\/11-1-247x300.jpg 247w\" sizes=\"auto, (max-width: 550px) 100vw, 550px\" \/><\/p>\n","protected":false},"excerpt":{"rendered":"","protected":false},"author":1,"featured_media":78412,"comment_status":"open","ping_status":"open","sticky":false,"template":"","format":"standard","meta":{"_jetpack_memberships_contains_paid_content":false,"footnotes":""},"categories":[18],"tags":[],"class_list":["post-35473","post","type-post","status-publish","format-standard","has-post-thumbnail","","category-un-dia-como-hoy-en-la-historia-de-la-musica"],"jetpack_sharing_enabled":true,"jetpack_featured_media_url":"http:\/\/mickyandoniehn.com\/radio\/wp-content\/uploads\/2023\/09\/El-cantante-principal-de-los-Isley-Brothers.jpg","_links":{"self":[{"href":"http:\/\/mickyandoniehn.com\/radio\/wp-json\/wp\/v2\/posts\/35473","targetHints":{"allow":["GET"]}}],"collection":[{"href":"http:\/\/mickyandoniehn.com\/radio\/wp-json\/wp\/v2\/posts"}],"about":[{"href":"http:\/\/mickyandoniehn.com\/radio\/wp-json\/wp\/v2\/types\/post"}],"author":[{"embeddable":true,"href":"http:\/\/mickyandoniehn.com\/radio\/wp-json\/wp\/v2\/users\/1"}],"replies":[{"embeddable":true,"href":"http:\/\/mickyandoniehn.com\/radio\/wp-json\/wp\/v2\/comments?post=35473"}],"version-history":[{"count":2,"href":"http:\/\/mickyandoniehn.com\/radio\/wp-json\/wp\/v2\/posts\/35473\/revisions"}],"predecessor-version":[{"id":78436,"href":"http:\/\/mickyandoniehn.com\/radio\/wp-json\/wp\/v2\/posts\/35473\/revisions\/78436"}],"wp:featuredmedia":[{"embeddable":true,"href":"http:\/\/mickyandoniehn.com\/radio\/wp-json\/wp\/v2\/media\/78412"}],"wp:attachment":[{"href":"http:\/\/mickyandoniehn.com\/radio\/wp-json\/wp\/v2\/media?parent=35473"}],"wp:term":[{"taxonomy":"category","embeddable":true,"href":"http:\/\/mickyandoniehn.com\/radio\/wp-json\/wp\/v2\/categories?post=35473"},{"taxonomy":"post_tag","embeddable":true,"href":"http:\/\/mickyandoniehn.com\/radio\/wp-json\/wp\/v2\/tags?post=35473"}],"curies":[{"name":"wp","href":"https:\/\/api.w.org\/{rel}","templated":true}]}}