{"id":35464,"date":"2026-09-02T06:45:46","date_gmt":"2026-09-02T12:45:46","guid":{"rendered":"https:\/\/mickyandoniehn.com\/radio\/?p=35464"},"modified":"2025-09-16T17:46:05","modified_gmt":"2025-09-16T23:46:05","slug":"02-de-septiembre-de-2005-kanye-west-critico-la-respuesta-del-presidente-george-w-bush-al-huracan-katrina-durante-un-concierto-benefico-televisado-en-new-york","status":"publish","type":"post","link":"http:\/\/mickyandoniehn.com\/radio\/2026\/09\/02\/02-de-septiembre-de-2005-kanye-west-critico-la-respuesta-del-presidente-george-w-bush-al-huracan-katrina-durante-un-concierto-benefico-televisado-en-new-york\/","title":{"rendered":"UN DIA COMO HOY EN LA HISTORIA. 02 de septiembre de 2005. Kanye West cr\u00edtico la respuesta del presidente George W. Bush al hurac\u00e1n Katrina durante un concierto ben\u00e9fico televisado en New York."},"content":{"rendered":"<p><img loading=\"lazy\" decoding=\"async\" class=\"aligncenter wp-image-78407 size-full\" src=\"http:\/\/mickyandoniehn.com\/radio\/wp-content\/uploads\/2023\/09\/10-1.jpg\" alt=\"\" width=\"478\" height=\"478\" srcset=\"http:\/\/mickyandoniehn.com\/radio\/wp-content\/uploads\/2023\/09\/10-1.jpg 478w, http:\/\/mickyandoniehn.com\/radio\/wp-content\/uploads\/2023\/09\/10-1-300x300.jpg 300w, http:\/\/mickyandoniehn.com\/radio\/wp-content\/uploads\/2023\/09\/10-1-150x150.jpg 150w\" sizes=\"auto, (max-width: 478px) 100vw, 478px\" \/><\/p>\n","protected":false},"excerpt":{"rendered":"","protected":false},"author":1,"featured_media":78416,"comment_status":"open","ping_status":"open","sticky":false,"template":"","format":"standard","meta":{"_jetpack_memberships_contains_paid_content":false,"footnotes":""},"categories":[18],"tags":[],"class_list":["post-35464","post","type-post","status-publish","format-standard","has-post-thumbnail","","category-un-dia-como-hoy-en-la-historia-de-la-musica"],"jetpack_sharing_enabled":true,"jetpack_featured_media_url":"http:\/\/mickyandoniehn.com\/radio\/wp-content\/uploads\/2023\/09\/Kanye-West-critico-la-respuesta-del-presidente-George-W.-Bush.jpg","_links":{"self":[{"href":"http:\/\/mickyandoniehn.com\/radio\/wp-json\/wp\/v2\/posts\/35464","targetHints":{"allow":["GET"]}}],"collection":[{"href":"http:\/\/mickyandoniehn.com\/radio\/wp-json\/wp\/v2\/posts"}],"about":[{"href":"http:\/\/mickyandoniehn.com\/radio\/wp-json\/wp\/v2\/types\/post"}],"author":[{"embeddable":true,"href":"http:\/\/mickyandoniehn.com\/radio\/wp-json\/wp\/v2\/users\/1"}],"replies":[{"embeddable":true,"href":"http:\/\/mickyandoniehn.com\/radio\/wp-json\/wp\/v2\/comments?post=35464"}],"version-history":[{"count":2,"href":"http:\/\/mickyandoniehn.com\/radio\/wp-json\/wp\/v2\/posts\/35464\/revisions"}],"predecessor-version":[{"id":78435,"href":"http:\/\/mickyandoniehn.com\/radio\/wp-json\/wp\/v2\/posts\/35464\/revisions\/78435"}],"wp:featuredmedia":[{"embeddable":true,"href":"http:\/\/mickyandoniehn.com\/radio\/wp-json\/wp\/v2\/media\/78416"}],"wp:attachment":[{"href":"http:\/\/mickyandoniehn.com\/radio\/wp-json\/wp\/v2\/media?parent=35464"}],"wp:term":[{"taxonomy":"category","embeddable":true,"href":"http:\/\/mickyandoniehn.com\/radio\/wp-json\/wp\/v2\/categories?post=35464"},{"taxonomy":"post_tag","embeddable":true,"href":"http:\/\/mickyandoniehn.com\/radio\/wp-json\/wp\/v2\/tags?post=35464"}],"curies":[{"name":"wp","href":"https:\/\/api.w.org\/{rel}","templated":true}]}}