{"id":35011,"date":"2022-09-29T10:12:37","date_gmt":"2022-09-29T16:12:37","guid":{"rendered":"http:\/\/mickyandoniehn.com\/radio\/2022\/09\/29\/mas-de-67-mil-afectados-por-lluvias-en-honduras-y-no-se-descarta-el-impacto-de-un-huracan\/"},"modified":"2022-09-29T10:12:37","modified_gmt":"2022-09-29T16:12:37","slug":"mas-de-67-mil-afectados-por-lluvias-en-honduras-y-no-se-descarta-el-impacto-de-un-huracan","status":"publish","type":"post","link":"http:\/\/mickyandoniehn.com\/radio\/2022\/09\/29\/mas-de-67-mil-afectados-por-lluvias-en-honduras-y-no-se-descarta-el-impacto-de-un-huracan\/","title":{"rendered":"M\u00e1s de 67 mil afectados por lluvias en Honduras y no se descarta el impacto de un hurac\u00e1n"},"content":{"rendered":"<p><strong>Tegucigalpa,Honduras jueves 29 \u00a0 septiembre \u00a02022<\/strong><\/p>\n<\/p>\n<p>La Comisi\u00f3n Permanente de Contingencias (Copeco), inform\u00f3 en las \u00faltimas horas que m\u00e1s de 67 mil personas han sido afectadas por la temporada de lluvias en Honduras, adem\u00e1s, el ente no descarta la posibilidad que un evento cicl\u00f3nico impacte pr\u00f3ximamente en el pa\u00eds.<\/p>\n<p>El titular de Copeco, Ram\u00f3n Soto, ofreci\u00f3 una conferencia de prensa para informar que 67 mil 750 personas han sido perjudicadas por las lluvias.<\/p>\n<p>Soto desglos\u00f3 que unas 16 mil 051 han sido evacuadas en 144 albergues, pero solo 9 mil 043 han sido albergados.<\/p>\n<p>\u201cSeg\u00fan cient\u00edficos del Cenaos y Alerta Temprana, existe una alta posibilidad que por lo menos un hurac\u00e1n o un evento tropical toque las costas hondure\u00f1as y llegue al territorio\u201d, declar\u00f3.<\/p>\n<p>La fuente se\u00f1al\u00f3 que la prioridad del Gobierno es la atenci\u00f3n a la persona humana que atraviesa una terrible situaci\u00f3n, en la que son evacuados de sus hogares y son albergados en lugares diferentes.<\/p>\n<p>Soto afirm\u00f3 que en los albergues est\u00e1n ofreciendo los tres tiempos de comida, ayuda psicol\u00f3gica, condiciones dignas para que los albergados puedan dormir y atenci\u00f3n m\u00e9dica.<\/p>\n<p><a href=\"https:\/\/hondudiario.com\/wp-content\/uploads\/2022\/09\/FdwXaEOX0AAKc0m.jpg\">Garantiz\u00f3 que cuando las personas albergadas regresen a sus casas, el gobierno ofrecer\u00e1 alimentaci\u00f3n de 15 d\u00edas a un mes para que estas personas puedan empezar a hacer su vida de manera normal.<\/a><\/p>\n<p><a href=\"https:\/\/hondudiario.com\/wp-content\/uploads\/2022\/09\/FdwXaEOX0AAKc0m.jpg\">El funcionario adicion\u00f3 que Copeco atender\u00e1 entre 6 a 12 mil familias cuando regresen a sus hogares.<\/a><\/p>\n<p><a href=\"https:\/\/hondudiario.com\/wp-content\/uploads\/2022\/09\/FdwXaEOX0AAKc0m.jpg\">Adem\u00e1s, defini\u00f3 que el esp\u00edritu del decreto de emergencia es lanzar un \u201cS.O.S.\u201d a la comunidad internacional para se\u00f1alar que el problema en Honduras ha sobrepasado las capacidades de las autoridades.<\/a><\/p>\n<p><a href=\"https:\/\/hondudiario.com\/wp-content\/uploads\/2022\/09\/FdwXaEOX0AAKc0m.jpg\">El funcionario explic\u00f3 que la emergencia est\u00e1 dividida en intensiva y extensiva, la primera es la que est\u00e1 atendiendo actualmente, mientras que la segunda establece que falta m\u00e1s de 60 d\u00edas para que finalice la temporada cicl\u00f3nica.<\/a><\/p>\n<p><a href=\"https:\/\/hondudiario.com\/wp-content\/uploads\/2022\/09\/FdwXaEOX0AAKc0m.jpg\">El comisionado de Copeco exhort\u00f3 que debe ser proactivo para estar preparados para dar respuesta inmediata en el momento que se produzca un fen\u00f3meno cicl\u00f3nico.<\/a><\/p>\n<p><a href=\"https:\/\/hondudiario.com\/wp-content\/uploads\/2022\/09\/FdwXaEOX0AAKc0m.jpg\"><strong>Seguir\u00e1n m\u00e1s lluvias <\/strong><\/a><\/p>\n<p><a href=\"https:\/\/hondudiario.com\/wp-content\/uploads\/2022\/09\/FdwXaEOX0AAKc0m.jpg\">Soto alert\u00f3 que para las pr\u00f3ximas horas esperan lluvias entre 60 a 100 mil\u00edmetros de agua en Choluteca, advirtiendo que provocar\u00e1 crecidas en los r\u00edos Texiguat, Nacaome, Choluteca y provoque posibles desbordamientos.<\/a><\/p>\n<p><a href=\"https:\/\/hondudiario.com\/wp-content\/uploads\/2022\/09\/FdwXaEOX0AAKc0m.jpg\">No creo que tengamos mayores problemas con los deslizamientos, indic\u00f3 el comisionado sobre el escenario de lluvias en la zona sur.<\/a><\/p>\n<p><a href=\"https:\/\/hondudiario.com\/wp-content\/uploads\/2022\/09\/FdwXko_WIAE5r0P.jpg\">Avizor\u00f3 que las zonas de Marcovia, partes bajas de Choluteca, Nacaome y Alianza de Valle se reporten inundaciones. Soto destac\u00f3 que para el occidente no hay pron\u00f3stico de lluvias.<\/a><\/p>\n<p><a href=\"https:\/\/hondudiario.com\/wp-content\/uploads\/2022\/09\/FdwXko_WIAE5r0P.jpg\">Para el caso de la ciudad de Tegucigalpa y la zona central, las precipitaciones pueden causar deslizamientos por la cantidad de humedad en el suelo.<\/a><\/p>\n<p><a href=\"https:\/\/hondudiario.com\/wp-content\/uploads\/2022\/09\/FdwXko_WIAE5r0P.jpg\">Sostuvo que el objetivo es rehabilitar de manera inmediata los pasos carreteros que han sido da\u00f1ado, pese que hay ocasiones que tengan que repetir el proceso.<\/a><\/p>\n<p><a href=\"https:\/\/hondudiario.com\/wp-content\/uploads\/2022\/09\/FdwXko_WIAE5r0P.jpg\"><strong>Asueto del Feriado Moraz\u00e1nico<\/strong><\/a><\/p>\n<p><a href=\"https:\/\/hondudiario.com\/wp-content\/uploads\/2022\/09\/FdwXko_WIAE5r0P.jpg\">Soto estim\u00f3 que las condiciones clim\u00e1ticas para el Feriado Moraz\u00e1nico ser\u00e1n favorables, pero que la poblaci\u00f3n deber\u00eda empezar a tomar precauciones ante el estado actual de las carreteras.<\/a><\/p>\n<p><a href=\"https:\/\/hondudiario.com\/wp-content\/uploads\/2022\/09\/FdwXko_WIAE5r0P.jpg\">\u201cSi a m\u00ed me preguntan ahorita hay condiciones para que se mantenga el Feriado Moraz\u00e1nico la respuesta es s\u00ed, pueden ir al Feriado Moraz\u00e1nico\u201d, expres\u00f3.<\/a><\/p>\n<p><a href=\"https:\/\/hondudiario.com\/wp-content\/uploads\/2022\/09\/FdnYfENX0BQz700-e1664315110977.jpg\">Se\u00f1al\u00f3 que las condiciones clim\u00e1ticas durante el Feriado Moraz\u00e1nico hasta el s\u00e1bado por la tarde seguir\u00e1n siendo favorables seg\u00fan el pron\u00f3stico de este mi\u00e9rcoles.<\/a><\/p>\n<p><a href=\"https:\/\/hondudiario.com\/wp-content\/uploads\/2022\/09\/FdnYfENX0BQz700-e1664315110977.jpg\">El funcionario detall\u00f3 que hay un total de 124 tramos carreteros da\u00f1ados diseminados en los departamentos de Atl\u00e1ntida, Choluteca, Comayagua, Cop\u00e1n, Cort\u00e9s, El Para\u00edso, Francisco Moraz\u00e1n, Intibuc\u00e1, Lempira, Ocotepeque, Olancho Santa B\u00e1rbara y Valle.<\/a><\/p>\n<p><a href=\"https:\/\/hondudiario.com\/wp-content\/uploads\/2022\/09\/FdnYfENX0BQz700-e1664315110977.jpg\">Especific\u00f3 que solo en Santa B\u00e1rbara hay 62 tramos carreteros da\u00f1ados por las lluvias.<\/a><\/p>\n<p><a href=\"https:\/\/hondudiario.com\/wp-content\/uploads\/2022\/09\/FdnYfENX0BQz700-e1664315110977.jpg\">Asimismo, revel\u00f3 que hay 15 cajas puentes afectados en seis departamentos: dos en Choluteca, cinco en Cop\u00e1n, dos en El Para\u00edso, uno en Francisco Moraz\u00e1n, cuatro en Valle y uno en Ocotepeque.<\/a><\/p>\n<p><a href=\"https:\/\/hondudiario.com\/wp-content\/uploads\/2022\/09\/FdnYfENX0BQz700-e1664315110977.jpg\">Agreg\u00f3 que hay 133 puentes da\u00f1ados en ocho departamentos: Atl\u00e1ntida, Comayagua, Cop\u00e1n, Cort\u00e9s, El Para\u00edso, Francisco Moraz\u00e1n, Santa B\u00e1rbara y Yoro.<\/a><\/p>\n<p><strong>Fuente: La Tribuna<\/strong><\/p>\n","protected":false},"excerpt":{"rendered":"<p>Tegucigalpa,Honduras jueves 29 \u00a0 septiembre \u00a02022 La Comisi\u00f3n Permanente de Contingencias (Copeco), inform\u00f3 en las \u00faltimas horas que m\u00e1s de 67 mil personas han sido afectadas por la temporada de lluvias en Honduras, adem\u00e1s, el ente no descarta la posibilidad que un evento cicl\u00f3nico impacte pr\u00f3ximamente en el pa\u00eds. El titular de Copeco, Ram\u00f3n Soto, &hellip;<\/p>\n","protected":false},"author":0,"featured_media":35012,"comment_status":"open","ping_status":"open","sticky":false,"template":"","format":"standard","meta":{"_jetpack_memberships_contains_paid_content":false,"footnotes":""},"categories":[5],"tags":[],"class_list":["post-35011","post","type-post","status-publish","format-standard","has-post-thumbnail","","category-noticias"],"jetpack_sharing_enabled":true,"jetpack_featured_media_url":"http:\/\/mickyandoniehn.com\/radio\/wp-content\/uploads\/2022\/09\/FdgKwhkXwAAywDb-aEOGSq.jpeg","_links":{"self":[{"href":"http:\/\/mickyandoniehn.com\/radio\/wp-json\/wp\/v2\/posts\/35011","targetHints":{"allow":["GET"]}}],"collection":[{"href":"http:\/\/mickyandoniehn.com\/radio\/wp-json\/wp\/v2\/posts"}],"about":[{"href":"http:\/\/mickyandoniehn.com\/radio\/wp-json\/wp\/v2\/types\/post"}],"replies":[{"embeddable":true,"href":"http:\/\/mickyandoniehn.com\/radio\/wp-json\/wp\/v2\/comments?post=35011"}],"version-history":[{"count":0,"href":"http:\/\/mickyandoniehn.com\/radio\/wp-json\/wp\/v2\/posts\/35011\/revisions"}],"wp:featuredmedia":[{"embeddable":true,"href":"http:\/\/mickyandoniehn.com\/radio\/wp-json\/wp\/v2\/media\/35012"}],"wp:attachment":[{"href":"http:\/\/mickyandoniehn.com\/radio\/wp-json\/wp\/v2\/media?parent=35011"}],"wp:term":[{"taxonomy":"category","embeddable":true,"href":"http:\/\/mickyandoniehn.com\/radio\/wp-json\/wp\/v2\/categories?post=35011"},{"taxonomy":"post_tag","embeddable":true,"href":"http:\/\/mickyandoniehn.com\/radio\/wp-json\/wp\/v2\/tags?post=35011"}],"curies":[{"name":"wp","href":"https:\/\/api.w.org\/{rel}","templated":true}]}}