{"id":34619,"date":"2022-09-25T21:12:35","date_gmt":"2022-09-26T03:12:35","guid":{"rendered":"http:\/\/mickyandoniehn.com\/radio\/2022\/09\/25\/presidenta-castro-se-moviliza-a-zonas-afectadas-por-lluvias-y-ordena-agilizar-ayudas\/"},"modified":"2022-09-25T21:12:35","modified_gmt":"2022-09-26T03:12:35","slug":"presidenta-castro-se-moviliza-a-zonas-afectadas-por-lluvias-y-ordena-agilizar-ayudas","status":"publish","type":"post","link":"http:\/\/mickyandoniehn.com\/radio\/2022\/09\/25\/presidenta-castro-se-moviliza-a-zonas-afectadas-por-lluvias-y-ordena-agilizar-ayudas\/","title":{"rendered":"Presidenta Castro se moviliza a zonas afectadas por lluvias y ordena agilizar ayudas"},"content":{"rendered":"<p><strong>Tegucigalpa,Honduras domingo 25 septiembre 2022<\/strong><\/p>\n<\/p>\n<p>\u00a0<\/p>\n<p>La presidenta Xiomara Castro realiz\u00f3 este domingo un recorrido por varias zonas perjudicadas por las condiciones climatol\u00f3gicas que afectan el territorio hondure\u00f1o, sobre todo, en el norte y occidente del pa\u00eds.<\/p>\n<p>Castro fue acompa\u00f1ada de su\u00a0hijo y secretario privado, H\u00e9ctor Zelaya; el ministro de Defensa, Jos\u00e9 Manuel Zelaya; y del titular de la Comisi\u00f3n Permanente de Contingencias (Copeco), Ram\u00f3n Soto.<\/p>\n<p>En ese sentido, la mandataria inici\u00f3 su recorrido por los albergues en el Valle de Sula, siendo uno de ellos el gimnasio municipal de La Lima, donde habl\u00f3 con las familias que se estaban alojando en ese lugar.<\/p>\n<p>Varias familias han sido alojados tras ser afectados por lluvias e inundaciones en las \u00faltimas horas.<\/p>\n<p>Luego, Castro se traslad\u00f3 al departamento de Santa B\u00e1rbara, donde recorri\u00f3 varias zonas afectadas por las precipitaciones.<\/p>\n<p><a href=\"https:\/\/hondudiario.com\/wp-content\/uploads\/2022\/09\/FdhquqGX0AcaIjX.jpg\"><br \/>\nEn el sector de Tencoa, la mandataria observ\u00f3 los trabajos de reparaci\u00f3n del puente que conecta a varios municipios de Santa B\u00e1rbara.<\/a><\/p>\n<p><a href=\"https:\/\/hondudiario.com\/wp-content\/uploads\/2022\/09\/FdhquqGX0AcaIjX.jpg\">De igual manera, revis\u00f3 el estado de los puentes sobre el r\u00edo Ul\u00faa y el r\u00edo Aguagua.<\/a><\/p>\n<p><a href=\"https:\/\/hondudiario.com\/wp-content\/uploads\/2022\/09\/FdhquqGX0AcaIjX.jpg\">La m\u00e1xima mandataria del pa\u00eds orden\u00f3 proporcionar ayuda a los m\u00e1s afectados y gestionar a la mayor brevedad, los recursos asignados para la rehabilitaci\u00f3n de los principales tramos carreteros del pa\u00eds.<\/a><\/p>\n<p><a href=\"https:\/\/hondudiario.com\/wp-content\/uploads\/2022\/09\/FdhquqGX0AcaIjX.jpg\"><strong>Emergencia<\/strong><\/a><\/p>\n<p><a href=\"https:\/\/hondudiario.com\/wp-content\/uploads\/2022\/09\/FdhquqGX0AcaIjX.jpg\">Cabe se\u00f1alar que, en las \u00faltimas horas se public\u00f3 en el Diario oficial La Gaceta, el decreto PCM 24-2022 que establece emergencia en el pa\u00eds por un t\u00e9rmino de 90 d\u00edas, a ra\u00edz de la crisis ocasionada por las lluvias que se registran en el territorio nacional.<\/a><\/p>\n<p><a href=\"https:\/\/hondudiario.com\/wp-content\/uploads\/2022\/09\/FdhquqGX0AcaIjX.jpg\">El decreto, ordena a los titulares de las diferentes secretar\u00edas de Estado a ejecutar acciones de prevenci\u00f3n y atenci\u00f3n de da\u00f1os, as\u00ed como a reparar, construir, habilitar y dar mantenimiento a las carreteras que se han visto afectadas por las lluvias que azotan el territorio hondure\u00f1o.<\/a><\/p>\n<p><a href=\"https:\/\/hondudiario.com\/wp-content\/uploads\/2022\/09\/FdhquqGX0AcaIjX.jpg\">Asimismo, establece que las contrataciones de bienes y servicios podr\u00e1n realizarse de forma directa e instruye al Sistema Nacional de Gesti\u00f3n de Riesgos (Sinager) que, durante y despu\u00e9s de la ejecuci\u00f3n de los fondos para atender la emergencia, traslade a la Secretar\u00eda de Transparencia, la informaci\u00f3n y documentaci\u00f3n que certifique en qu\u00e9 fueron invertidos los recursos aprobados para hacerle frente a la crisis.<\/a><a href=\"https:\/\/hondudiario.com\/wp-content\/uploads\/2022\/09\/Fdho-8tXkAIzUyj.jpg\"><br \/>\nA la Secretar\u00eda de Desarrollo Social (Sedesol), se le instruye implementar acciones inmediatas para atender las necesidades de la poblaci\u00f3n; a las Secretar\u00edas de Defensa Nacional y de Seguridad, adoptar las medidas de resguardo de los bienes y de la integridad f\u00edsica de la ciudadan\u00eda; al 911 mantener activo su servicio de atenci\u00f3n inmediata; y, a los ministerios de Salud y Educaci\u00f3n, mantener y garantizar la provisi\u00f3n de servicios y atenci\u00f3n inmediata de las familias afectadas.<\/a><\/p>\n<p><a href=\"https:\/\/hondudiario.com\/wp-content\/uploads\/2022\/09\/Fdho-8tXkAIzUyj.jpg\">Mientras que, la Secretar\u00eda de Gobernaci\u00f3n, Justicia y Descentralizaci\u00f3n, deber\u00e1, junto con los gobernadores y la Asociaci\u00f3n de Municipios de Honduras (Amhon), realizar un inventario de los da\u00f1os en las v\u00edas de comunicaci\u00f3n de los diferentes departamentos del pa\u00eds; y, la Secretar\u00eda de Finanzas, gestionar\u00e1, orientar\u00e1 y asignar\u00e1 los recursos que se identifiquen en las instituciones del Estado, as\u00ed como los fondos externos de cooperaci\u00f3n.<\/a><\/p>\n<p><a href=\"https:\/\/hondudiario.com\/wp-content\/uploads\/2022\/09\/Fdho-8tXkAIzUyj.jpg\">Finalmente, se establece que, las contrataciones ser\u00e1n auditadas por el Tribunal Superior de Cuentas (TSC), con la finalidad de garantizar una ejecuci\u00f3n transparente de los recursos destinados a la atenci\u00f3n de la emergencia nacional.\u00a0<\/a><\/p>\n<p><strong>Fuente: La Tribuna<\/strong><\/p>\n","protected":false},"excerpt":{"rendered":"<p>Tegucigalpa,Honduras domingo 25 septiembre 2022 \u00a0 La presidenta Xiomara Castro realiz\u00f3 este domingo un recorrido por varias zonas perjudicadas por las condiciones climatol\u00f3gicas que afectan el territorio hondure\u00f1o, sobre todo, en el norte y occidente del pa\u00eds. Castro fue acompa\u00f1ada de su\u00a0hijo y secretario privado, H\u00e9ctor Zelaya; el ministro de Defensa, Jos\u00e9 Manuel Zelaya; y &hellip;<\/p>\n","protected":false},"author":0,"featured_media":34620,"comment_status":"open","ping_status":"open","sticky":false,"template":"","format":"standard","meta":{"_jetpack_memberships_contains_paid_content":false,"footnotes":""},"categories":[5],"tags":[],"class_list":["post-34619","post","type-post","status-publish","format-standard","has-post-thumbnail","","category-noticias"],"jetpack_sharing_enabled":true,"jetpack_featured_media_url":"http:\/\/mickyandoniehn.com\/radio\/wp-content\/uploads\/2022\/09\/Fdhnw0OWQAArZN_-ni8iEw.jpeg","_links":{"self":[{"href":"http:\/\/mickyandoniehn.com\/radio\/wp-json\/wp\/v2\/posts\/34619","targetHints":{"allow":["GET"]}}],"collection":[{"href":"http:\/\/mickyandoniehn.com\/radio\/wp-json\/wp\/v2\/posts"}],"about":[{"href":"http:\/\/mickyandoniehn.com\/radio\/wp-json\/wp\/v2\/types\/post"}],"replies":[{"embeddable":true,"href":"http:\/\/mickyandoniehn.com\/radio\/wp-json\/wp\/v2\/comments?post=34619"}],"version-history":[{"count":0,"href":"http:\/\/mickyandoniehn.com\/radio\/wp-json\/wp\/v2\/posts\/34619\/revisions"}],"wp:featuredmedia":[{"embeddable":true,"href":"http:\/\/mickyandoniehn.com\/radio\/wp-json\/wp\/v2\/media\/34620"}],"wp:attachment":[{"href":"http:\/\/mickyandoniehn.com\/radio\/wp-json\/wp\/v2\/media?parent=34619"}],"wp:term":[{"taxonomy":"category","embeddable":true,"href":"http:\/\/mickyandoniehn.com\/radio\/wp-json\/wp\/v2\/categories?post=34619"},{"taxonomy":"post_tag","embeddable":true,"href":"http:\/\/mickyandoniehn.com\/radio\/wp-json\/wp\/v2\/tags?post=34619"}],"curies":[{"name":"wp","href":"https:\/\/api.w.org\/{rel}","templated":true}]}}