{"id":34615,"date":"2022-09-25T12:14:26","date_gmt":"2022-09-25T18:14:26","guid":{"rendered":"https:\/\/mickyandoniehn.com\/radio\/2022\/09\/25\/tormenta-tropical-ian-podria-convertirse-en-un-huracan-de-categoria-4-sobre-el-golfo-de-mexico\/"},"modified":"2022-09-25T12:14:26","modified_gmt":"2022-09-25T18:14:26","slug":"tormenta-tropical-ian-podria-convertirse-en-un-huracan-de-categoria-4-sobre-el-golfo-de-mexico","status":"publish","type":"post","link":"http:\/\/mickyandoniehn.com\/radio\/2022\/09\/25\/tormenta-tropical-ian-podria-convertirse-en-un-huracan-de-categoria-4-sobre-el-golfo-de-mexico\/","title":{"rendered":"Tormenta tropical Ian podr\u00eda convertirse en un hurac\u00e1n de categor\u00eda 4 sobre el golfo de M\u00e9xico"},"content":{"rendered":"<p><strong>Tegucigalpa,Honduras domingo 25 \u00a0septiembre \u00a0 2022<\/strong><\/p>\n<\/p>\n<p>Se prev\u00e9 que la tormenta tropical Ian alcance una fuerza de hurac\u00e1n de categor\u00eda 4 antes de llegar a Florida la pr\u00f3xima semana, afectando a varias regiones del Caribe, seg\u00fan informaron este\u00a0s\u00e1bado\u00a0<a href=\"https:\/\/www.axios.com\/2022\/09\/24\/tropical-storm-ian-intensify-florida-cuba\">medios<\/a>\u00a0locales.<\/p>\n<p>Ian se encontraba a unos 410 kil\u00f3metros al sur de Kingston, Jamaica, a partir de las 18:00 de este s\u00e1bado (hora local) y se mov\u00eda hacia el oeste a 25 km\/h, seg\u00fan el Centro Nacional de Huracanes de EE.UU. \u00abSe pronostica que Ian comenzar\u00e1 a intensificarse r\u00e1pidamente y se convertir\u00e1 en hurac\u00e1n el domingo\u00bb,\u00a0<a href=\"https:\/\/twitter.com\/NHC_Atlantic\/status\/1573868411272065024\">dijo<\/a>\u00a0el centro.<\/p>\n<p>El Centro Nacional de Huracanes\u00a0<a href=\"https:\/\/www.sun-sentinel.com\/news\/weather\/hurricane\/fl-ne-tropical-storm-ian-forms-20220924-7vd52u73qvfi5cn4vndzf4hb2m-story.html\">prev\u00e9<\/a>\u00a0que este fen\u00f3meno pase al sur de Jamaica la noche de este s\u00e1bado y se acerque a Cuba, probablemente como hurac\u00e1n, el pr\u00f3ximo lunes. Se pronostica que cruzar\u00e1 la isla por la noche y se dirigir\u00e1 a la costa oeste de Florida el mi\u00e9rcoles. Asimismo, es probable que Ian deje caer fuertes lluvias, provocando inundaciones y posibles deslizamientos de tierra en Aruba, Bonaire y Curazao, y que en los pr\u00f3ximos d\u00edas se produzcan fuertes lluvias en Jamaica y las Islas Caim\u00e1n.<\/p>\n<p><a href=\"https:\/\/hondudiario.com\/wp-content\/uploads\/2022\/09\/descarga-9.jpg\"><br \/>\nSe espera que Ian se intensifique r\u00e1pidamente y se convierta en un hurac\u00e1n de categor\u00eda 3 antes de pasar por Cuba a primera hora del martes. Las condiciones son extremadamente favorables para su fortalecimiento, y seg\u00fan los\u00a0<\/a><a href=\"https:\/\/twitter.com\/NHC_Atlantic\/status\/1573876102325538819\">pron\u00f3sticos<\/a>\u00a0Ian pasar\u00e1 a ser un hurac\u00e1n de categor\u00eda 4 sobre el golfo de M\u00e9xico.<\/p>\n<p>Seg\u00fan el Servicio Meteorol\u00f3gico Nacional de M\u00e9xico existe la posibilidad de que en los \u00faltimos d\u00edas de septiembre Ian\u00a0<a href=\"https:\/\/smn.conagua.gob.mx\/es\/pronosticos\/pronosticossubmenu\/pronostico-extendido-a-96-horas\">afecte<\/a>\u00a0a la regi\u00f3n de la pen\u00ednsula de Yucat\u00e1n. Seg\u00fan lo indicado, la tormenta tropical se acercar\u00e1 a M\u00e9xico la noche del 26 de septiembre y las primeras horas del martes, por lo que a partir de estos d\u00edas afectar\u00eda con lluvias a los estados de Yucat\u00e1n, Quintana Roo, Campeche, Chiapas y Tabasco.<\/p>\n<p>Si se fortalece a categor\u00eda 3 o una superior antes de llegar a Florida, Ian ser\u00eda el primer gran hurac\u00e1n en tocar tierra en ese estado desde Michael, en el 2018, que era una gigantesca tormenta de categor\u00eda 5 cuando choc\u00f3 con el corredor geogr\u00e1fico de Florida<\/p>\n<p><strong>Fuente: La Tribuna<\/strong><\/p>\n<div class=\"sharedaddy sd-sharing-enabled\"><\/div>\n","protected":false},"excerpt":{"rendered":"<p>Tegucigalpa,Honduras domingo 25 \u00a0septiembre \u00a0 2022 Se prev\u00e9 que la tormenta tropical Ian alcance una fuerza de hurac\u00e1n de categor\u00eda 4 antes de llegar a Florida la pr\u00f3xima semana, afectando a varias regiones del Caribe, seg\u00fan informaron este\u00a0s\u00e1bado\u00a0medios\u00a0locales. Ian se encontraba a unos 410 kil\u00f3metros al sur de Kingston, Jamaica, a partir de las 18:00 &hellip;<\/p>\n","protected":false},"author":0,"featured_media":34616,"comment_status":"open","ping_status":"open","sticky":false,"template":"","format":"standard","meta":{"_jetpack_memberships_contains_paid_content":false,"footnotes":""},"categories":[5],"tags":[],"class_list":["post-34615","post","type-post","status-publish","format-standard","has-post-thumbnail","","category-noticias"],"jetpack_sharing_enabled":true,"jetpack_featured_media_url":"http:\/\/mickyandoniehn.com\/radio\/wp-content\/uploads\/2022\/09\/632fe752e9ff71709d789e68-Lk9oXe.jpeg","_links":{"self":[{"href":"http:\/\/mickyandoniehn.com\/radio\/wp-json\/wp\/v2\/posts\/34615","targetHints":{"allow":["GET"]}}],"collection":[{"href":"http:\/\/mickyandoniehn.com\/radio\/wp-json\/wp\/v2\/posts"}],"about":[{"href":"http:\/\/mickyandoniehn.com\/radio\/wp-json\/wp\/v2\/types\/post"}],"replies":[{"embeddable":true,"href":"http:\/\/mickyandoniehn.com\/radio\/wp-json\/wp\/v2\/comments?post=34615"}],"version-history":[{"count":0,"href":"http:\/\/mickyandoniehn.com\/radio\/wp-json\/wp\/v2\/posts\/34615\/revisions"}],"wp:featuredmedia":[{"embeddable":true,"href":"http:\/\/mickyandoniehn.com\/radio\/wp-json\/wp\/v2\/media\/34616"}],"wp:attachment":[{"href":"http:\/\/mickyandoniehn.com\/radio\/wp-json\/wp\/v2\/media?parent=34615"}],"wp:term":[{"taxonomy":"category","embeddable":true,"href":"http:\/\/mickyandoniehn.com\/radio\/wp-json\/wp\/v2\/categories?post=34615"},{"taxonomy":"post_tag","embeddable":true,"href":"http:\/\/mickyandoniehn.com\/radio\/wp-json\/wp\/v2\/tags?post=34615"}],"curies":[{"name":"wp","href":"https:\/\/api.w.org\/{rel}","templated":true}]}}