{"id":32754,"date":"2022-09-16T13:13:06","date_gmt":"2022-09-16T19:13:06","guid":{"rendered":"http:\/\/mickyandoniehn.com\/radio\/2022\/09\/16\/colonia-guillen-de-la-capital-es-declarada-zona-de-desastre-por-ampliacion-de-hundimientos\/"},"modified":"2022-09-16T13:13:06","modified_gmt":"2022-09-16T19:13:06","slug":"colonia-guillen-de-la-capital-es-declarada-zona-de-desastre-por-ampliacion-de-hundimientos","status":"publish","type":"post","link":"http:\/\/mickyandoniehn.com\/radio\/2022\/09\/16\/colonia-guillen-de-la-capital-es-declarada-zona-de-desastre-por-ampliacion-de-hundimientos\/","title":{"rendered":"Colonia Guillen de la capital es declarada \u201czona de desastre\u201d por ampliaci\u00f3n de hundimientos"},"content":{"rendered":"<p><strong>Tegucigalpa,Honduras viernes 16 septiembre\u00a0<\/strong><strong>2022<\/strong><\/p>\n<\/p>\n<p>El alcalde Jorge Aldana y los Comit\u00e9s de Emergencia local, declararon zona de \u201cdesastre\u201d el sector de la colonia Guillen en la capital, al seguirse ampliando el deslizamiento en el lugar.<\/p>\n<p>\u201cHemos planteado la declaratoria de zona de desastre, se ha venido moviendo la placa de deslizamiento\u201d, declar\u00f3 Aldana.<\/p>\n<p>\u201cReci\u00e9n terminamos sesi\u00f3n de corporaci\u00f3n municipal y hemos declarado zona de desastre colonia Guillen, Nueva Santa Rosa y alrededores\u201d, detall\u00f3.<\/p>\n<p>El edil dej\u00f3 saber que los Comit\u00e9s de Emergencia se reunieron de urgencia para tomar decisiones sobre los proyectos de reubicaci\u00f3n de los habitantes de la colonia Guill\u00e9n.<\/p>\n<p><a href=\"https:\/\/hondudiario.com\/wp-content\/uploads\/2022\/09\/FcyDc7yXoAEr_ev.jpg\">Son m\u00e1s de 50 familias las que faltan por evacuar y que siguen en la zona de riesgo. De momento, se les pide que atiendan la instrucci\u00f3n de abandonar las viviendas porque est\u00e1n en peligro hasta de perder sus vidas, y esa es la situaci\u00f3n que se quiere evitar, seg\u00fan explic\u00f3 el alcalde del Distrito Central.<\/a><\/p>\n<p><a href=\"https:\/\/hondudiario.com\/wp-content\/uploads\/2022\/09\/FcyDc7yXoAEr_ev.jpg\">Aldana adelant\u00f3 que en las pr\u00f3ximas horas se habilitar\u00e1n tres albergues m\u00e1s para totalizar seis centros de refugio abiertos para acoger a los habitantes de la colonia Guill\u00e9n, lugar donde siguen los derrumbes de tierra. Al menos 70 familias ya fueron evacuadas.<\/a><\/p>\n<p><a href=\"https:\/\/hondudiario.com\/wp-content\/uploads\/2022\/09\/FcyDc7yXoAEr_ev.jpg\">La falla en el lugar gener\u00f3 varios deslizamientos y todav\u00eda est\u00e1 activa. Los m\u00e1s recientes se experimentaron la noche del jueves y madrugada del viernes cuando se reportaron nuevos hundimientos. <\/a><\/p>\n<p><strong>Fuente:La Tribuna<\/strong><\/p>\n","protected":false},"excerpt":{"rendered":"<p>Tegucigalpa,Honduras viernes 16 septiembre\u00a02022 El alcalde Jorge Aldana y los Comit\u00e9s de Emergencia local, declararon zona de \u201cdesastre\u201d el sector de la colonia Guillen en la capital, al seguirse ampliando el deslizamiento en el lugar. \u201cHemos planteado la declaratoria de zona de desastre, se ha venido moviendo la placa de deslizamiento\u201d, declar\u00f3 Aldana. \u201cReci\u00e9n terminamos &hellip;<\/p>\n","protected":false},"author":0,"featured_media":32755,"comment_status":"open","ping_status":"open","sticky":false,"template":"","format":"standard","meta":{"_jetpack_memberships_contains_paid_content":false,"footnotes":""},"categories":[5],"tags":[],"class_list":["post-32754","post","type-post","status-publish","format-standard","has-post-thumbnail","","category-noticias"],"jetpack_sharing_enabled":true,"jetpack_featured_media_url":"http:\/\/mickyandoniehn.com\/radio\/wp-content\/uploads\/2022\/09\/Fcy3NvLXgAEXrA8-P1yHg1.jpeg","_links":{"self":[{"href":"http:\/\/mickyandoniehn.com\/radio\/wp-json\/wp\/v2\/posts\/32754","targetHints":{"allow":["GET"]}}],"collection":[{"href":"http:\/\/mickyandoniehn.com\/radio\/wp-json\/wp\/v2\/posts"}],"about":[{"href":"http:\/\/mickyandoniehn.com\/radio\/wp-json\/wp\/v2\/types\/post"}],"replies":[{"embeddable":true,"href":"http:\/\/mickyandoniehn.com\/radio\/wp-json\/wp\/v2\/comments?post=32754"}],"version-history":[{"count":0,"href":"http:\/\/mickyandoniehn.com\/radio\/wp-json\/wp\/v2\/posts\/32754\/revisions"}],"wp:featuredmedia":[{"embeddable":true,"href":"http:\/\/mickyandoniehn.com\/radio\/wp-json\/wp\/v2\/media\/32755"}],"wp:attachment":[{"href":"http:\/\/mickyandoniehn.com\/radio\/wp-json\/wp\/v2\/media?parent=32754"}],"wp:term":[{"taxonomy":"category","embeddable":true,"href":"http:\/\/mickyandoniehn.com\/radio\/wp-json\/wp\/v2\/categories?post=32754"},{"taxonomy":"post_tag","embeddable":true,"href":"http:\/\/mickyandoniehn.com\/radio\/wp-json\/wp\/v2\/tags?post=32754"}],"curies":[{"name":"wp","href":"https:\/\/api.w.org\/{rel}","templated":true}]}}