{"id":32432,"date":"2022-09-15T15:12:36","date_gmt":"2022-09-15T21:12:36","guid":{"rendered":"http:\/\/mickyandoniehn.com\/radio\/2022\/09\/15\/presidenta-castro-opta-por-un-traje-en-azul-turquesa-para-las-fiestas-patrias-2022\/"},"modified":"2022-09-15T15:12:36","modified_gmt":"2022-09-15T21:12:36","slug":"presidenta-castro-opta-por-un-traje-en-azul-turquesa-para-las-fiestas-patrias-2022","status":"publish","type":"post","link":"http:\/\/mickyandoniehn.com\/radio\/2022\/09\/15\/presidenta-castro-opta-por-un-traje-en-azul-turquesa-para-las-fiestas-patrias-2022\/","title":{"rendered":"Presidenta Castro opta por un traje en azul turquesa para las Fiestas Patrias 2022"},"content":{"rendered":"<p><strong>Tegucigalpa,Honduras jueves 15 septiembre 2022<\/strong><\/p>\n<\/p>\n<p>La presidenta de Honduras, Xiomara Castro, opt\u00f3 por el tono azul turquesa para asistir a la izada de la Bandera Nacional en el Parque Central de Tegucigalpa, dando inicio a las Fiestas Patrias en el 201 aniversario de Independencia.<\/p>\n<p>La presidenta apareci\u00f3 en el centro de la capital hondure\u00f1a con un elegante traje de pantal\u00f3n y chaqueta, reflejando estilo reflej\u00f3 su papel s\u00f3lido, rendido al valor de la sobriedad y coherencia.<\/p>\n<p>Su hijo y secretario privado, H\u00e9ctor Zelaya, estuvo a su lado en todo momento.<\/p>\n<p>La presidenta Castro encabez\u00f3 el protocolo inaugural con la izada de la Bandera y la lectura del Acta de Independencia en la Plaza de Banderas del Parque Central de Tegucigalpa.<\/p>\n<p>Posteriormente, la mandataria junto al presidente del Congreso Nacional y gabinete de gobierno se trasladaron al Estadio Nacional Chelato Ucl\u00e9s.<\/p>\n<p>All\u00ed, decenas de colegios capitalinos acuerpan los tradicionales desfiles, que este a\u00f1o cambiaron su nombre a \u201cMarcha Refundacional\u201d. El Estadio Nacional es el escenario de un nuevo homenaje a la patria, donde al menos 55 institutos de educaci\u00f3n media tanto p\u00fablicos como privados desfilan este jueves.<\/p>\n<p><strong>Fuente: La Tribuna<\/strong><\/p>\n","protected":false},"excerpt":{"rendered":"<p>Tegucigalpa,Honduras jueves 15 septiembre 2022 La presidenta de Honduras, Xiomara Castro, opt\u00f3 por el tono azul turquesa para asistir a la izada de la Bandera Nacional en el Parque Central de Tegucigalpa, dando inicio a las Fiestas Patrias en el 201 aniversario de Independencia. La presidenta apareci\u00f3 en el centro de la capital hondure\u00f1a con &hellip;<\/p>\n","protected":false},"author":0,"featured_media":32433,"comment_status":"open","ping_status":"open","sticky":false,"template":"","format":"standard","meta":{"_jetpack_memberships_contains_paid_content":false,"footnotes":""},"categories":[5],"tags":[],"class_list":["post-32432","post","type-post","status-publish","format-standard","has-post-thumbnail","","category-noticias"],"jetpack_sharing_enabled":true,"jetpack_featured_media_url":"http:\/\/mickyandoniehn.com\/radio\/wp-content\/uploads\/2022\/09\/WhatsApp-Image-2022-09-15-at-6.15.45-AM-RYmcWm.jpeg","_links":{"self":[{"href":"http:\/\/mickyandoniehn.com\/radio\/wp-json\/wp\/v2\/posts\/32432","targetHints":{"allow":["GET"]}}],"collection":[{"href":"http:\/\/mickyandoniehn.com\/radio\/wp-json\/wp\/v2\/posts"}],"about":[{"href":"http:\/\/mickyandoniehn.com\/radio\/wp-json\/wp\/v2\/types\/post"}],"replies":[{"embeddable":true,"href":"http:\/\/mickyandoniehn.com\/radio\/wp-json\/wp\/v2\/comments?post=32432"}],"version-history":[{"count":0,"href":"http:\/\/mickyandoniehn.com\/radio\/wp-json\/wp\/v2\/posts\/32432\/revisions"}],"wp:featuredmedia":[{"embeddable":true,"href":"http:\/\/mickyandoniehn.com\/radio\/wp-json\/wp\/v2\/media\/32433"}],"wp:attachment":[{"href":"http:\/\/mickyandoniehn.com\/radio\/wp-json\/wp\/v2\/media?parent=32432"}],"wp:term":[{"taxonomy":"category","embeddable":true,"href":"http:\/\/mickyandoniehn.com\/radio\/wp-json\/wp\/v2\/categories?post=32432"},{"taxonomy":"post_tag","embeddable":true,"href":"http:\/\/mickyandoniehn.com\/radio\/wp-json\/wp\/v2\/tags?post=32432"}],"curies":[{"name":"wp","href":"https:\/\/api.w.org\/{rel}","templated":true}]}}