{"id":31661,"date":"2022-09-11T15:12:41","date_gmt":"2022-09-11T21:12:41","guid":{"rendered":"https:\/\/mickyandoniehn.com\/radio\/2022\/09\/11\/celebrando-su-dia-los-ninos-de-catequesis-de-la-iglesia-los-dolores-en-la-ciudad-de-la-paz\/"},"modified":"2022-09-11T15:12:41","modified_gmt":"2022-09-11T21:12:41","slug":"celebrando-su-dia-los-ninos-de-catequesis-de-la-iglesia-los-dolores-en-la-ciudad-de-la-paz","status":"publish","type":"post","link":"http:\/\/mickyandoniehn.com\/radio\/2022\/09\/11\/celebrando-su-dia-los-ninos-de-catequesis-de-la-iglesia-los-dolores-en-la-ciudad-de-la-paz\/","title":{"rendered":"Celebrando su D\u00eda los Ni\u00f1os de Catequesis de la Iglesia Los Dolores en la Ciudad de La Paz"},"content":{"rendered":"<\/p>\n<p>Con muchas alegr\u00eda celebraron su D\u00eda, los ni\u00f1os de Catequesis de la Iglesia Los Dolores de la Ciudad de La Paz, quienes juntos a sus catequitas disfrutaron de la quiebra pi\u00f1atas y compartieron un delicioso pastel con refresco y sin faltar las bolsitas llenas dulces.<\/p>\n<p><span><strong>GALER\u00cdA DE FOTOS<\/strong><\/span><\/p>\n<p><a href=\"http:\/\/www.hondurasensusmanos.info\/2022\/09\/11\/celebrando-su-dia-los-ninos-de-catequesis-de-la-iglesia-los-dolores-en-la-ciudad-de-la-paz\/001-32\/\"><\/a><br \/>\n<a href=\"http:\/\/www.hondurasensusmanos.info\/2022\/09\/11\/celebrando-su-dia-los-ninos-de-catequesis-de-la-iglesia-los-dolores-en-la-ciudad-de-la-paz\/1fa3bcbb-f3b5-487d-a73e-3460aebeeed5\/\"><\/a><br \/>\n<a href=\"http:\/\/www.hondurasensusmanos.info\/2022\/09\/11\/celebrando-su-dia-los-ninos-de-catequesis-de-la-iglesia-los-dolores-en-la-ciudad-de-la-paz\/02-66\/\"><\/a><br \/>\n<a href=\"http:\/\/www.hondurasensusmanos.info\/2022\/09\/11\/celebrando-su-dia-los-ninos-de-catequesis-de-la-iglesia-los-dolores-en-la-ciudad-de-la-paz\/2e496bbb-664d-4170-bf40-d177d7af83db\/\"><\/a><br \/>\n<a href=\"http:\/\/www.hondurasensusmanos.info\/2022\/09\/11\/celebrando-su-dia-los-ninos-de-catequesis-de-la-iglesia-los-dolores-en-la-ciudad-de-la-paz\/03-56\/\"><\/a><br \/>\n<a href=\"http:\/\/www.hondurasensusmanos.info\/2022\/09\/11\/celebrando-su-dia-los-ninos-de-catequesis-de-la-iglesia-los-dolores-en-la-ciudad-de-la-paz\/04-59\/\"><\/a><br \/>\n<a href=\"http:\/\/www.hondurasensusmanos.info\/2022\/09\/11\/celebrando-su-dia-los-ninos-de-catequesis-de-la-iglesia-los-dolores-en-la-ciudad-de-la-paz\/4d006d0e-9f10-4d8b-8a21-bfdc0aef6c24\/\"><\/a><br \/>\n<a href=\"http:\/\/www.hondurasensusmanos.info\/2022\/09\/11\/celebrando-su-dia-los-ninos-de-catequesis-de-la-iglesia-los-dolores-en-la-ciudad-de-la-paz\/4e31a1f1-10f2-45ce-85d2-b4238a99a068\/\"><\/a><br \/>\n<a href=\"http:\/\/www.hondurasensusmanos.info\/2022\/09\/11\/celebrando-su-dia-los-ninos-de-catequesis-de-la-iglesia-los-dolores-en-la-ciudad-de-la-paz\/05-47\/\"><\/a><br \/>\n<a href=\"http:\/\/www.hondurasensusmanos.info\/2022\/09\/11\/celebrando-su-dia-los-ninos-de-catequesis-de-la-iglesia-los-dolores-en-la-ciudad-de-la-paz\/06-49\/\"><\/a><br \/>\n<a href=\"http:\/\/www.hondurasensusmanos.info\/2022\/09\/11\/celebrando-su-dia-los-ninos-de-catequesis-de-la-iglesia-los-dolores-en-la-ciudad-de-la-paz\/6b512c59-cac7-43b2-aefd-b75da0f7a4c0\/\"><\/a><br \/>\n<a href=\"http:\/\/www.hondurasensusmanos.info\/2022\/09\/11\/celebrando-su-dia-los-ninos-de-catequesis-de-la-iglesia-los-dolores-en-la-ciudad-de-la-paz\/07-51\/\"><\/a><br \/>\n<a href=\"http:\/\/www.hondurasensusmanos.info\/2022\/09\/11\/celebrando-su-dia-los-ninos-de-catequesis-de-la-iglesia-los-dolores-en-la-ciudad-de-la-paz\/7b8fd310-6aaa-4571-8b10-74da9617333f\/\"><\/a><br \/>\n<a href=\"http:\/\/www.hondurasensusmanos.info\/2022\/09\/11\/celebrando-su-dia-los-ninos-de-catequesis-de-la-iglesia-los-dolores-en-la-ciudad-de-la-paz\/7fb17266-8c26-4f95-910d-3f475b0bd971\/\"><\/a><br \/>\n<a href=\"http:\/\/www.hondurasensusmanos.info\/2022\/09\/11\/celebrando-su-dia-los-ninos-de-catequesis-de-la-iglesia-los-dolores-en-la-ciudad-de-la-paz\/08-50\/\"><\/a><br \/>\n<a href=\"http:\/\/www.hondurasensusmanos.info\/2022\/09\/11\/celebrando-su-dia-los-ninos-de-catequesis-de-la-iglesia-los-dolores-en-la-ciudad-de-la-paz\/8b0d850d-7b35-41a3-be6b-e7bfacc410f4\/\"><\/a><br \/>\n<a href=\"http:\/\/www.hondurasensusmanos.info\/2022\/09\/11\/celebrando-su-dia-los-ninos-de-catequesis-de-la-iglesia-los-dolores-en-la-ciudad-de-la-paz\/9f00e9a7-34df-4d64-92ed-7e9d104cfdd6\/\"><\/a><br \/>\n<a href=\"http:\/\/www.hondurasensusmanos.info\/2022\/09\/11\/celebrando-su-dia-los-ninos-de-catequesis-de-la-iglesia-los-dolores-en-la-ciudad-de-la-paz\/10-88\/\"><\/a><br \/>\n<a href=\"http:\/\/www.hondurasensusmanos.info\/2022\/09\/11\/celebrando-su-dia-los-ninos-de-catequesis-de-la-iglesia-los-dolores-en-la-ciudad-de-la-paz\/13-89\/\"><\/a><br \/>\n<a href=\"http:\/\/www.hondurasensusmanos.info\/2022\/09\/11\/celebrando-su-dia-los-ninos-de-catequesis-de-la-iglesia-los-dolores-en-la-ciudad-de-la-paz\/20c4c664-b488-4d62-899d-e85f01a34ae6\/\"><\/a><br \/>\n<a href=\"http:\/\/www.hondurasensusmanos.info\/2022\/09\/11\/celebrando-su-dia-los-ninos-de-catequesis-de-la-iglesia-los-dolores-en-la-ciudad-de-la-paz\/28e98950-e80d-4a70-92bb-a4b845c24d60\/\"><\/a><br \/>\n<a href=\"http:\/\/www.hondurasensusmanos.info\/2022\/09\/11\/celebrando-su-dia-los-ninos-de-catequesis-de-la-iglesia-los-dolores-en-la-ciudad-de-la-paz\/32d3a1cd-620b-464f-865a-192ae72d8a6b\/\"><\/a><br \/>\n<a href=\"http:\/\/www.hondurasensusmanos.info\/2022\/09\/11\/celebrando-su-dia-los-ninos-de-catequesis-de-la-iglesia-los-dolores-en-la-ciudad-de-la-paz\/55b87835-358e-4cdb-888f-8a2610dc147a\/\"><\/a><br \/>\n<a href=\"http:\/\/www.hondurasensusmanos.info\/2022\/09\/11\/celebrando-su-dia-los-ninos-de-catequesis-de-la-iglesia-los-dolores-en-la-ciudad-de-la-paz\/822ba83e-6add-442b-8e20-f7feba3e3b4f\/\"><\/a><br \/>\n<a href=\"http:\/\/www.hondurasensusmanos.info\/2022\/09\/11\/celebrando-su-dia-los-ninos-de-catequesis-de-la-iglesia-los-dolores-en-la-ciudad-de-la-paz\/991f31f4-06c1-44e6-aceb-ea505f215ef6\/\"><\/a><br \/>\n<a href=\"http:\/\/www.hondurasensusmanos.info\/2022\/09\/11\/celebrando-su-dia-los-ninos-de-catequesis-de-la-iglesia-los-dolores-en-la-ciudad-de-la-paz\/6996b94f-6722-4ce1-bed4-1e94c99d96cd\/\"><\/a><br \/>\n<a href=\"http:\/\/www.hondurasensusmanos.info\/2022\/09\/11\/celebrando-su-dia-los-ninos-de-catequesis-de-la-iglesia-los-dolores-en-la-ciudad-de-la-paz\/b57db51b-a593-4a20-a0fb-8becee0c0bdf\/\"><\/a><br \/>\n<a href=\"http:\/\/www.hondurasensusmanos.info\/2022\/09\/11\/celebrando-su-dia-los-ninos-de-catequesis-de-la-iglesia-los-dolores-en-la-ciudad-de-la-paz\/c1ee6a43-ed36-45be-b52b-5d9f0862eb2b\/\"><\/a><br \/>\n<a href=\"http:\/\/www.hondurasensusmanos.info\/2022\/09\/11\/celebrando-su-dia-los-ninos-de-catequesis-de-la-iglesia-los-dolores-en-la-ciudad-de-la-paz\/c6207a1c-58d0-4e63-b6e8-fad146a9e166\/\"><\/a><br \/>\n<a href=\"http:\/\/www.hondurasensusmanos.info\/2022\/09\/11\/celebrando-su-dia-los-ninos-de-catequesis-de-la-iglesia-los-dolores-en-la-ciudad-de-la-paz\/ded3340c-1e1e-4b3f-a295-f7ba2460445c\/\"><\/a><br \/>\n<a href=\"http:\/\/www.hondurasensusmanos.info\/2022\/09\/11\/celebrando-su-dia-los-ninos-de-catequesis-de-la-iglesia-los-dolores-en-la-ciudad-de-la-paz\/f349d27b-fc0b-4736-a447-47e6a3f08493\/\"><\/a><br \/>\n<a href=\"http:\/\/www.hondurasensusmanos.info\/2022\/09\/11\/celebrando-su-dia-los-ninos-de-catequesis-de-la-iglesia-los-dolores-en-la-ciudad-de-la-paz\/fca60cc5-b2de-4f1c-8b99-03ba9614e17b\/\"><\/a><\/p>\n<div class=\"wp-video\"><!--[if lt IE 9]&gt;document.createElement('video');&lt;![endif]--><br \/>\n<a href=\"http:\/\/www.hondurasensusmanos.info\/wp-content\/uploads\/2022\/09\/WhatsApp-Video-2022-09-11-at-12.07.27-PM.mp4\">http:\/\/www.hondurasensusmanos.info\/wp-content\/uploads\/2022\/09\/WhatsApp-Video-2022-09-11-at-12.07.27-PM.mp4<\/a><\/div>\n","protected":false},"excerpt":{"rendered":"<p>Con muchas alegr\u00eda celebraron su D\u00eda, los ni\u00f1os de Catequesis de la Iglesia Los Dolores de la Ciudad de La Paz, quienes juntos a sus catequitas disfrutaron de la quiebra pi\u00f1atas y compartieron un delicioso pastel con refresco y sin faltar las bolsitas llenas dulces. GALER\u00cdA DE FOTOS http:\/\/www.hondurasensusmanos.info\/wp-content\/uploads\/2022\/09\/WhatsApp-Video-2022-09-11-at-12.07.27-PM.mp4<\/p>\n","protected":false},"author":0,"featured_media":31662,"comment_status":"open","ping_status":"open","sticky":false,"template":"","format":"standard","meta":{"_jetpack_memberships_contains_paid_content":false,"footnotes":""},"categories":[5],"tags":[],"class_list":["post-31661","post","type-post","status-publish","format-standard","has-post-thumbnail","","category-noticias"],"jetpack_sharing_enabled":true,"jetpack_featured_media_url":"http:\/\/mickyandoniehn.com\/radio\/wp-content\/uploads\/2022\/09\/1fa3bcbb-f3b5-487d-a73e-3460aebeeed5-iCBLCo.jpeg","_links":{"self":[{"href":"http:\/\/mickyandoniehn.com\/radio\/wp-json\/wp\/v2\/posts\/31661","targetHints":{"allow":["GET"]}}],"collection":[{"href":"http:\/\/mickyandoniehn.com\/radio\/wp-json\/wp\/v2\/posts"}],"about":[{"href":"http:\/\/mickyandoniehn.com\/radio\/wp-json\/wp\/v2\/types\/post"}],"replies":[{"embeddable":true,"href":"http:\/\/mickyandoniehn.com\/radio\/wp-json\/wp\/v2\/comments?post=31661"}],"version-history":[{"count":0,"href":"http:\/\/mickyandoniehn.com\/radio\/wp-json\/wp\/v2\/posts\/31661\/revisions"}],"wp:featuredmedia":[{"embeddable":true,"href":"http:\/\/mickyandoniehn.com\/radio\/wp-json\/wp\/v2\/media\/31662"}],"wp:attachment":[{"href":"http:\/\/mickyandoniehn.com\/radio\/wp-json\/wp\/v2\/media?parent=31661"}],"wp:term":[{"taxonomy":"category","embeddable":true,"href":"http:\/\/mickyandoniehn.com\/radio\/wp-json\/wp\/v2\/categories?post=31661"},{"taxonomy":"post_tag","embeddable":true,"href":"http:\/\/mickyandoniehn.com\/radio\/wp-json\/wp\/v2\/tags?post=31661"}],"curies":[{"name":"wp","href":"https:\/\/api.w.org\/{rel}","templated":true}]}}