{"id":2868,"date":"2021-11-14T09:26:04","date_gmt":"2021-11-14T15:26:04","guid":{"rendered":"http:\/\/mickyandoniehn.com\/radio\/2021\/11\/14\/unos-nueve-frentes-frios-se-esperan-en-los-proximos-cuatro-meses\/"},"modified":"2021-11-14T09:26:04","modified_gmt":"2021-11-14T15:26:04","slug":"unos-nueve-frentes-frios-se-esperan-en-los-proximos-cuatro-meses","status":"publish","type":"post","link":"http:\/\/mickyandoniehn.com\/radio\/2021\/11\/14\/unos-nueve-frentes-frios-se-esperan-en-los-proximos-cuatro-meses\/","title":{"rendered":"Unos nueve frentes fr\u00edos se esperan en los pr\u00f3ximos cuatro meses"},"content":{"rendered":"<p><strong>Tegucigalpa,Honduras domingo 14 noviembre 2021<\/strong><\/p>\n\n<p>En los \u00faltimos meses de 2021 y primeros meses del 2022 se pronostican alrededor de nueve frentes fr\u00edos en Honduras, pero las posibilidades de tormentas fuertes son remotas de acuerdo al pron\u00f3stico que brind\u00f3 \u00a0el jefe de Alerta Temprana de la Secretar\u00eda de Gesti\u00f3n de Riesgo y Contingencias Nacionales (Copeco), Juan Jos\u00e9 Reyes.<\/p>\n<p>\u00abEsperamos que entre noviembre y marzo ingresen al pa\u00eds unos siete, ocho o nueve frentes fr\u00edos\u00bb, expres\u00f3 Reyes.<\/p>\n<p>Ya entre octubre y lo que va de noviembre, en Honduras han ingresado dos frentes fr\u00edos que han ocasionado bajas temperaturas, lluvias fuertes y chubascos en varios sectores de Honduras y en los pr\u00f3ximos d\u00edas continuar\u00e1n las bajas temperaturas.<\/p>\n<p>A\u00fan no hay un pron\u00f3stico seguro si habr\u00e1 o no frente fr\u00edo para el pr\u00f3ximo 28 de noviembre, d\u00eda de las elecciones generales, pero ya los t\u00e9cnicos trabajan en el an\u00e1lisis de las pr\u00f3ximas semanas, indic\u00f3.<\/p>\n<p><strong>Remotas posibilidades de tormentas<\/strong><\/p>\n<p>Asimismo, Reyes se\u00f1al\u00f3 que en noviembre concluye la temporada de ciclones para dar paso a los frentes fr\u00edos, y ya las posibilidades de tener en el territorio nacional tormentas como Eta y Iota son remotas, sin embargo, no se pueden descartar.<\/p>\n<p>Tambi\u00e9n son escasas las probabilidades de que el territorio sea impactado por huracanes, concluy\u00f3.<\/p>\n<p><strong>Fuente: La Tribuna<\/strong><\/p>","protected":false},"excerpt":{"rendered":"<p>Tegucigalpa,Honduras domingo 14 noviembre 2021 En los \u00faltimos meses de 2021 y primeros meses del 2022 se pronostican alrededor de nueve frentes fr\u00edos en Honduras, pero las posibilidades de tormentas fuertes son remotas de acuerdo al pron\u00f3stico que brind\u00f3 \u00a0el jefe de Alerta Temprana de la Secretar\u00eda de Gesti\u00f3n de Riesgo y Contingencias Nacionales (Copeco), &hellip;<\/p>\n","protected":false},"author":0,"featured_media":2869,"comment_status":"open","ping_status":"open","sticky":false,"template":"","format":"standard","meta":{"_jetpack_memberships_contains_paid_content":false,"footnotes":""},"categories":[5],"tags":[],"class_list":["post-2868","post","type-post","status-publish","format-standard","has-post-thumbnail","","category-noticias"],"jetpack_sharing_enabled":true,"jetpack_featured_media_url":"http:\/\/mickyandoniehn.com\/radio\/wp-content\/uploads\/2021\/11\/frio-8N42JH.jpeg","_links":{"self":[{"href":"http:\/\/mickyandoniehn.com\/radio\/wp-json\/wp\/v2\/posts\/2868","targetHints":{"allow":["GET"]}}],"collection":[{"href":"http:\/\/mickyandoniehn.com\/radio\/wp-json\/wp\/v2\/posts"}],"about":[{"href":"http:\/\/mickyandoniehn.com\/radio\/wp-json\/wp\/v2\/types\/post"}],"replies":[{"embeddable":true,"href":"http:\/\/mickyandoniehn.com\/radio\/wp-json\/wp\/v2\/comments?post=2868"}],"version-history":[{"count":0,"href":"http:\/\/mickyandoniehn.com\/radio\/wp-json\/wp\/v2\/posts\/2868\/revisions"}],"wp:featuredmedia":[{"embeddable":true,"href":"http:\/\/mickyandoniehn.com\/radio\/wp-json\/wp\/v2\/media\/2869"}],"wp:attachment":[{"href":"http:\/\/mickyandoniehn.com\/radio\/wp-json\/wp\/v2\/media?parent=2868"}],"wp:term":[{"taxonomy":"category","embeddable":true,"href":"http:\/\/mickyandoniehn.com\/radio\/wp-json\/wp\/v2\/categories?post=2868"},{"taxonomy":"post_tag","embeddable":true,"href":"http:\/\/mickyandoniehn.com\/radio\/wp-json\/wp\/v2\/tags?post=2868"}],"curies":[{"name":"wp","href":"https:\/\/api.w.org\/{rel}","templated":true}]}}