{"id":2446,"date":"2021-11-08T09:13:12","date_gmt":"2021-11-08T15:13:12","guid":{"rendered":"http:\/\/mickyandoniehn.com\/radio\/2021\/11\/08\/ccit-temporada-navidena-generara-7-mil-empleos\/"},"modified":"2021-11-08T09:13:12","modified_gmt":"2021-11-08T15:13:12","slug":"ccit-temporada-navidena-generara-7-mil-empleos","status":"publish","type":"post","link":"http:\/\/mickyandoniehn.com\/radio\/2021\/11\/08\/ccit-temporada-navidena-generara-7-mil-empleos\/","title":{"rendered":"CCIT: temporada navide\u00f1a generar\u00e1 7 mil empleos"},"content":{"rendered":"<p><strong>Tegucigalpa,Honduras lunes 08 noviembre 2021<\/strong><\/p>\n\n<p>El director de la C\u00e1mara de Comercio e Industrias de Tegucigalpa, (CCIT), Rafael Medina, anunci\u00f3 que este a\u00f1o trae unos 7 mil empleos temporales propios de la Navidad.<\/p>\n<p>El a\u00f1o pasado, la pandemia y las tormentas Iota y Eta generaron la p\u00e9rdida de unos 400 mil empleos de los cuales casi un 70 por ciento se ha recuperado.<\/p>\n<p>\u201cEn efecto, hay una generaci\u00f3n de empleos temporales, particularmente en el sector comercial yo dir\u00eda en los \u00faltimos 45 d\u00edas del presente a\u00f1o\u201d, se\u00f1al\u00f3.<\/p>\n<p><strong>At\u00edpico<\/strong><\/p>\n<p>\u201cPor ahora, se est\u00e1 en un proceso de contrataci\u00f3n de personal para que algunas empresas puedan obtener mano de obra para este mes y medio que resta de este 2021\u201d, apunt\u00f3.<\/p>\n<p>\u201cLa cantidad de empleados a contratar yo estimo que podr\u00eda estar cercana a la cifra que se logr\u00f3 en el 2019, pues el 2020 fue totalmente at\u00edpico a ra\u00edz de la pandemia\u201d, afirm\u00f3.<\/p>\n<p>\u201cNosotros estimamos que la cifra de peronas a emplear ser\u00eda entre 5 y 7 mil trabajadores temporales\u201d, manifest\u00f3.<\/p>\n<p>\u201cAdem\u00e1s, hay otro rubro que generar\u00e1 una fuerte cantidad de empleos y es el caf\u00e9 cuya cosecha empezar\u00e1 en los \u00faltimos meses del a\u00f1o\u201d, agreg\u00f3.<\/p>\n<p>\u201cCon la incertidumbre que ha generado la pandemia desde hace 18 meses resulta muy dif\u00edcil realizar las proyecciones ajustadas a la realidad sobre las plazas a abrir, pero hasta el momento eso es lo que nosotros esperamos\u201d, concluy\u00f3 el dirigente.<\/p>\n<p><strong>Fuente: La Tribuna<\/strong><\/p>","protected":false},"excerpt":{"rendered":"<p>Tegucigalpa,Honduras lunes 08 noviembre 2021 El director de la C\u00e1mara de Comercio e Industrias de Tegucigalpa, (CCIT), Rafael Medina, anunci\u00f3 que este a\u00f1o trae unos 7 mil empleos temporales propios de la Navidad. El a\u00f1o pasado, la pandemia y las tormentas Iota y Eta generaron la p\u00e9rdida de unos 400 mil empleos de los cuales &hellip;<\/p>\n","protected":false},"author":0,"featured_media":2447,"comment_status":"open","ping_status":"open","sticky":false,"template":"","format":"standard","meta":{"_jetpack_memberships_contains_paid_content":false,"footnotes":""},"categories":[5],"tags":[],"class_list":["post-2446","post","type-post","status-publish","format-standard","has-post-thumbnail","","category-noticias"],"jetpack_sharing_enabled":true,"jetpack_featured_media_url":"http:\/\/mickyandoniehn.com\/radio\/wp-content\/uploads\/2021\/11\/empleo-temporal-navidad-1024x575-1-pYBdb5.jpeg","_links":{"self":[{"href":"http:\/\/mickyandoniehn.com\/radio\/wp-json\/wp\/v2\/posts\/2446","targetHints":{"allow":["GET"]}}],"collection":[{"href":"http:\/\/mickyandoniehn.com\/radio\/wp-json\/wp\/v2\/posts"}],"about":[{"href":"http:\/\/mickyandoniehn.com\/radio\/wp-json\/wp\/v2\/types\/post"}],"replies":[{"embeddable":true,"href":"http:\/\/mickyandoniehn.com\/radio\/wp-json\/wp\/v2\/comments?post=2446"}],"version-history":[{"count":0,"href":"http:\/\/mickyandoniehn.com\/radio\/wp-json\/wp\/v2\/posts\/2446\/revisions"}],"wp:featuredmedia":[{"embeddable":true,"href":"http:\/\/mickyandoniehn.com\/radio\/wp-json\/wp\/v2\/media\/2447"}],"wp:attachment":[{"href":"http:\/\/mickyandoniehn.com\/radio\/wp-json\/wp\/v2\/media?parent=2446"}],"wp:term":[{"taxonomy":"category","embeddable":true,"href":"http:\/\/mickyandoniehn.com\/radio\/wp-json\/wp\/v2\/categories?post=2446"},{"taxonomy":"post_tag","embeddable":true,"href":"http:\/\/mickyandoniehn.com\/radio\/wp-json\/wp\/v2\/tags?post=2446"}],"curies":[{"name":"wp","href":"https:\/\/api.w.org\/{rel}","templated":true}]}}