{"id":2289,"date":"2021-11-05T09:17:56","date_gmt":"2021-11-05T15:17:56","guid":{"rendered":"http:\/\/mickyandoniehn.com\/radio\/2021\/11\/05\/academicos-hondurenos-presentan-vision-para-encontrar-soluciones-a-problemas-del-pais\/"},"modified":"2021-11-05T09:17:56","modified_gmt":"2021-11-05T15:17:56","slug":"academicos-hondurenos-presentan-vision-para-encontrar-soluciones-a-problemas-del-pais","status":"publish","type":"post","link":"http:\/\/mickyandoniehn.com\/radio\/2021\/11\/05\/academicos-hondurenos-presentan-vision-para-encontrar-soluciones-a-problemas-del-pais\/","title":{"rendered":"Acad\u00e9micos hondure\u00f1os presentan visi\u00f3n para encontrar soluciones a problemas del pa\u00eds"},"content":{"rendered":"<p><strong>Tegucigalpa,Honduras viernes 05 noviembre 2021<\/strong><\/p>\n\n<p>Acad\u00e9micos e intelectuales hondure\u00f1os, en el marco de las actividades conmemorativas al Bicentenario, compartieron su visi\u00f3n pluralista con la intenci\u00f3n de generar un pensamiento, reflexi\u00f3n y acci\u00f3n colectiva de car\u00e1cter nacional y propositivo para encontrar soluciones a los diversos desaf\u00edos que enfrenta el pa\u00eds.<\/p>\n<p>El evento virtual, organizado por el Programa de Naciones Unidas para el Desarrollo (PNUD) a trav\u00e9s del Informe sobre Desarrollo Humano (IDH) con el apoyo de Uni\u00f3n Europea (UE), Agencia Suiza para el Desarrollo y la Cooperaci\u00f3n (COSUDE), la universidad Nacional Aut\u00f3noma de Honduras (UNAH), Universidad Tecnol\u00f3gica Centroamericana (UNITEC) y la Universidad Pedag\u00f3gica Nacional Francisco Moraz\u00e1n (UPNFM), reuni\u00f3 a 25 destacados hondure\u00f1os y hondure\u00f1as que presentaron las ideas principales de sus ensayos y que se encuentran en la recopilaci\u00f3n titulada \u201cColecci\u00f3n Bicentenario, repensar para transformar\u201d.<\/p>\n<p>\u201cCreemos que este aporte es sumamente importante ya que enriquece el debate a nivel nacional y, sirve como una gu\u00eda en la construcci\u00f3n de una Honduras capaz de hacer frente a sus distintos desaf\u00edos. Es una Colecci\u00f3n con una pluralidad de aportes, analiza la realidad nacional, haciendo reflexiones del pasado, y dando miradas al futuro. Esperamos que esta Colecci\u00f3n nutra e inicie discusiones y podamos repensar para transformar la Honduras que todas y todos aspiramos\u201d se\u00f1al\u00f3 Sergio C. Membre\u00f1o, Coordinador del Informe sobre Desarrollo Humano \u2013 Honduras.<\/p>\n<p>El PNUD considera la generaci\u00f3n de conocimiento como un proceso creativo, anal\u00edtico, multidimensional y prospectivo con la capacidad de articular diferentes ideas, pensamientos, experiencias para proyectarlo en el dise\u00f1o de pol\u00edticas p\u00fablicas hacia el desarrollo humano, uno de los principales desaf\u00edos de pa\u00eds.<\/p>\n<p>La iniciativa de la Colecci\u00f3n Bicentenario, tambi\u00e9n tienen como prop\u00f3sito construir puentes de pensamiento entre acad\u00e9micos, intelectuales, t\u00e9cnicos y formuladores de pol\u00edtica p\u00fablica y, al mismo tiempo, propiciar y promover iniciativas orientadas a la construcci\u00f3n de una agenda para la transformaci\u00f3n. La publicaci\u00f3n est\u00e1 dividida en tres ejes: visi\u00f3n hist\u00f3rica, la visi\u00f3n de desarrollo (dimensi\u00f3n pol\u00edtica, social, econ\u00f3mica, ambiental y cultural) y la visi\u00f3n prospectiva o de futuro.<\/p>\n<p><strong>Visi\u00f3n hist\u00f3rica<\/strong><\/p>\n<p>\u00a0<\/p>\n<p><a href=\"https:\/\/hondudiario.com\/wp-content\/uploads\/2021\/10\/IMG-20211029-WA0004.jpg\">El Cicer\u00f3n de Am\u00e9rica Central y M\u00e9xico. De Segisfredo Infantes.<\/a><\/p>\n<p><a href=\"https:\/\/hondudiario.com\/wp-content\/uploads\/2021\/10\/IMG-20211029-WA0004.jpg\">Los Criptojudios de Honduras. Por Lybni Ventura Lara.<\/a><\/p>\n<p><a href=\"https:\/\/hondudiario.com\/wp-content\/uploads\/2021\/10\/IMG-20211029-WA0004.jpg\">La pedagog\u00eda de los desplazados \u00bfC\u00f3mo enfrentar un bicentenario de colonialismo interno? De Rony Castillo Guity.<\/a><\/p>\n<p><a href=\"https:\/\/hondudiario.com\/wp-content\/uploads\/2021\/10\/IMG-20211029-WA0004.jpg\">Sucesos relevantes en la historia de Honduras. Oscar N\u00fa\u00f1ez Sandoval.<\/a><\/p>\n<p><a href=\"https:\/\/hondudiario.com\/wp-content\/uploads\/2021\/10\/IMG-20211029-WA0004.jpg\">Tres momentos en la conformaci\u00f3n de la identidad nacional hondure\u00f1a. Por Mario Argueta.<\/a><\/p>\n<p><a href=\"https:\/\/hondudiario.com\/wp-content\/uploads\/2021\/10\/IMG-20211029-WA0004.jpg\">Visi\u00f3n de desarrollo (dimensi\u00f3n pol\u00edtica, social, econ\u00f3mica ambiental y cultural)<\/a><\/p>\n<p><a href=\"https:\/\/hondudiario.com\/wp-content\/uploads\/2021\/10\/IMG-20211029-WA0004.jpg\"><strong>Conformada por los ensayos:<\/strong><\/a><\/p>\n<p><a href=\"https:\/\/hondudiario.com\/wp-content\/uploads\/2021\/10\/IMG-20211029-WA0004.jpg\">Estado y etnicidad en la historiograf\u00eda, historia y futuro de Honduras. De Dar\u00edo Euraque.<\/a><\/p>\n<p><a href=\"https:\/\/hondudiario.com\/wp-content\/uploads\/2021\/10\/IMG-20211029-WA0004.jpg\">Tres momentos significativos en la construcci\u00f3n del Estado, la naci\u00f3n y la identidad nacional de Honduras. De Marvin Barahona.<\/a><\/p>\n<p><a href=\"https:\/\/hondudiario.com\/wp-content\/uploads\/2021\/10\/IMG-20211029-WA0004.jpg\">El Estado y la salud p\u00fablica de Honduras. Entre contextos hist\u00f3ricos, coyunturas y un futuro cercano. Por Yesenia Mart\u00ednez.<\/a><\/p>\n<p><a href=\"https:\/\/hondudiario.com\/wp-content\/uploads\/2021\/10\/IMG-20211029-WA0004.jpg\">Contexto hist\u00f3rico del debate en torno al concepto de los derechos humanos: hacia la construcci\u00f3n de una cultura de derechos humanos. Por Xiomara Bu.<\/a><\/p>\n<p><a href=\"https:\/\/hondudiario.com\/wp-content\/uploads\/2021\/10\/IMG-20211029-WA0004.jpg\">El camino de r\u00e9gimen hibrido a democracia plena. De Rafael Jerez.<\/a><\/p>\n<p><a href=\"https:\/\/hondudiario.com\/wp-content\/uploads\/2021\/10\/IMG-20211029-WA0004.jpg\">Mecanismos distractores en la pol\u00edtica de Centroam\u00e9rica del siglo XIX. Por Julio Escoto.<\/a><\/p>\n<p><a href=\"https:\/\/hondudiario.com\/wp-content\/uploads\/2021\/10\/IMG-20211029-WA0004.jpg\">El Estado y la construcci\u00f3n de la naci\u00f3n de Honduras. De Mario posas.<\/a><\/p>\n<p><a href=\"https:\/\/hondudiario.com\/wp-content\/uploads\/2021\/10\/IMG-20211029-WA0004.jpg\">Una propuesta de reconversi\u00f3n de Honduras centrada en los cimientos intelectuales de la independencia patria. Por Mauricio Diaz Bourdeth.<\/a><\/p>\n<p><a href=\"https:\/\/hondudiario.com\/wp-content\/uploads\/2021\/10\/IMG-20211029-WA0004.jpg\">\u00bfDe la pandemia al nuevo paradigma? Por Pedro Moraz\u00e1n.<\/a><\/p>\n<p><a href=\"https:\/\/hondudiario.com\/wp-content\/uploads\/2021\/10\/IMG-20211029-WA0004.jpg\">\u00c9tica ciudadana y desarrollo. De Ram\u00f3n Romero.<\/a><\/p>\n<p><a href=\"https:\/\/hondudiario.com\/wp-content\/uploads\/2021\/10\/IMG-20211029-WA0004.jpg\">Yo, tu, ellos, nosotros: apuntes sobre la praxis po\u00e9tica y vital de Clementina Suarez. Mar\u00eda Eugenia Ramos.<\/a><\/p>\n<p><a href=\"https:\/\/hondudiario.com\/wp-content\/uploads\/2021\/10\/IMG-20211029-WA0004.jpg\">Alfonso Guillen Zelaya: el sujeto pol\u00edtico y la conciencia \u00e9tica. De Mario Membre\u00f1o Cedillo.<\/a><\/p>\n<p><a href=\"https:\/\/hondudiario.com\/wp-content\/uploads\/2021\/10\/IMG-20211029-WA0004.jpg\">Violencia de g\u00e9nero y migraci\u00f3n en Honduras. De Gina Kawas.<\/a><\/p>\n<p><a href=\"https:\/\/hondudiario.com\/wp-content\/uploads\/2021\/10\/IMG-20211029-WA0004.jpg\">Visi\u00f3n prospectiva o de futuro<\/a><\/p>\n<p><a href=\"https:\/\/hondudiario.com\/wp-content\/uploads\/2021\/10\/IMG-20211029-WA0004.jpg\"><strong>Incluye los ensayos:<\/strong><\/a><\/p>\n<p><a href=\"https:\/\/hondudiario.com\/wp-content\/uploads\/2021\/10\/IMG-20211029-WA0004.jpg\">Constituci\u00f3n social de Honduras como pensamiento positivo de Ramon Rosa: su vigencia actual. Por Irma Becerra.<\/a><\/p>\n<p><a href=\"https:\/\/hondudiario.com\/wp-content\/uploads\/2021\/10\/IMG-20211029-WA0004.jpg\">Desarrollo humano, \u00e9tica y ciudadan\u00eda en el siglo XXI. Por Sergio A. Membre\u00f1o Cedillo.<\/a><\/p>\n<p><a href=\"https:\/\/hondudiario.com\/wp-content\/uploads\/2021\/10\/IMG-20211029-WA0004.jpg\">Independencia y unidad: oportunidades y frustraciones en la construcci\u00f3n de la naci\u00f3n. De Rafael del Cid.<\/a><\/p>\n<p><a href=\"https:\/\/hondudiario.com\/wp-content\/uploads\/2021\/10\/IMG-20211029-WA0004.jpg\">Honduras 2021: un momento ineludible para repensar el futuro. Por \u00c1lvaro Calix.<\/a><\/p>\n<p><a href=\"https:\/\/hondudiario.com\/wp-content\/uploads\/2021\/10\/IMG-20211029-WA0004.jpg\">Agricultura, seguridad alimentaria, desarrollo y protecci\u00f3n ambiental: un futuro para Honduras basado en la ciencia, tecnolog\u00eda en innovaci\u00f3n. De Jos\u00e9 B. Falck.<\/a><\/p>\n<p><a href=\"https:\/\/hondudiario.com\/wp-content\/uploads\/2021\/10\/IMG-20211029-WA0004.jpg\">El bicentenario de la independencia como nuevo punto de partida para ensayar Centroam\u00e9rica. Por Rodolfo Pastor Fasquelle.<\/a><\/p>\n<p><a href=\"https:\/\/hondudiario.com\/wp-content\/uploads\/2021\/10\/IMG-20211029-WA0004.jpg\">Los y las ensayistas exponen ideas poderosas que conectan la historia y su entendimiento, en este sentido y entre las muchas ideas, plantean resignificar y revalorar el rol de los pr\u00f3ceres y decodificar el proceso de surgimiento y contexto de la misma independencia. Asimismo, comprender la historia desde la perspectiva del Estado y sus instituciones, conect\u00e1ndolos con el surgimiento de pol\u00edticas sociales y econ\u00f3micas, entender su entramado e ilustrar lecciones desde esta perspectiva vinculando historia, presente y futuro.<\/a><\/p>\n<p><a href=\"https:\/\/hondudiario.com\/wp-content\/uploads\/2021\/10\/IMG-20211029-WA0004.jpg\">A la jornada ingresaron m\u00e1s de 200 personas, entre estudiantes, docentes, miembros de sociedad civil e invitados especiales, por su parte el Vicerrector de la UNAH, Julio Raudales, expres\u00f3 que la Colecci\u00f3n ser\u00e1 un insumo fundamental para poder avanzar en todos los retos existentes para el futuro.<\/a><\/p>\n<p><a href=\"https:\/\/hondudiario.com\/wp-content\/uploads\/2021\/10\/IMG-20211029-WA0004.jpg\">El Rector de UNITEC, Marlon Brev\u00e9, destac\u00f3 que se debe fomentar este tipo de iniciativas ya que a partir de una investigaci\u00f3n rigurosa se permite tener m\u00e1s conocimiento, saber con qu\u00e9 recursos se cuentan y hacia d\u00f3nde se deben dirigir los esfuerzos para salir adelante.<\/a><\/p>\n<p><a href=\"https:\/\/hondudiario.com\/wp-content\/uploads\/2021\/10\/IMG-20211029-WA0004.jpg\">La Colecci\u00f3n Bicentenario estar\u00e1 prontamente disponible desde la p\u00e1gina web del PNUD: www.hn.undp.org<\/a><\/p>\n<p><a href=\"https:\/\/hondudiario.com\/wp-content\/uploads\/2021\/10\/IMG-20211029-WA0004.jpg\"><strong>Acerca de PNUD<\/strong><\/a><\/p>\n<p><a href=\"https:\/\/hondudiario.com\/wp-content\/uploads\/2021\/10\/IMG-20211029-WA0004.jpg\">Es el principal organismo de las Naciones Unidas dedicado a poner fin a la injusticia de la pobreza, la desigualdad y el cambio clim\u00e1tico. Cuenta con una extensa red de expertos y aliados en 170 pa\u00edses, ayuda a las naciones a construir soluciones integradas y duraderas para las personas y el planeta.<\/a><\/p>\n<p><a href=\"https:\/\/hondudiario.com\/wp-content\/uploads\/2021\/10\/IMG-20211029-WA0004.jpg\">Con m\u00e1s de 45 a\u00f1os presente en Honduras, desarrollando intervenciones junto a socios de la sociedad civil, academia, sector privado y el Estado en las \u00e1reas de: Seguridad ciudadana y prevenci\u00f3n de la violencia, Gobernabilidad Democr\u00e1tica; y Desarrollo sostenible y cambio clim\u00e1tico.<\/a><\/p>\n<p><strong>Fuente: hondudiario<\/strong><\/p>","protected":false},"excerpt":{"rendered":"<p>Tegucigalpa,Honduras viernes 05 noviembre 2021 Acad\u00e9micos e intelectuales hondure\u00f1os, en el marco de las actividades conmemorativas al Bicentenario, compartieron su visi\u00f3n pluralista con la intenci\u00f3n de generar un pensamiento, reflexi\u00f3n y acci\u00f3n colectiva de car\u00e1cter nacional y propositivo para encontrar soluciones a los diversos desaf\u00edos que enfrenta el pa\u00eds. El evento virtual, organizado por el &hellip;<\/p>\n","protected":false},"author":0,"featured_media":2290,"comment_status":"open","ping_status":"open","sticky":false,"template":"","format":"standard","meta":{"_jetpack_memberships_contains_paid_content":false,"footnotes":""},"categories":[5],"tags":[],"class_list":["post-2289","post","type-post","status-publish","format-standard","has-post-thumbnail","","category-noticias"],"jetpack_sharing_enabled":true,"jetpack_featured_media_url":"http:\/\/mickyandoniehn.com\/radio\/wp-content\/uploads\/2021\/11\/IMG-20211029-WA0003-300x179-1-CnnnTL.jpeg","_links":{"self":[{"href":"http:\/\/mickyandoniehn.com\/radio\/wp-json\/wp\/v2\/posts\/2289","targetHints":{"allow":["GET"]}}],"collection":[{"href":"http:\/\/mickyandoniehn.com\/radio\/wp-json\/wp\/v2\/posts"}],"about":[{"href":"http:\/\/mickyandoniehn.com\/radio\/wp-json\/wp\/v2\/types\/post"}],"replies":[{"embeddable":true,"href":"http:\/\/mickyandoniehn.com\/radio\/wp-json\/wp\/v2\/comments?post=2289"}],"version-history":[{"count":0,"href":"http:\/\/mickyandoniehn.com\/radio\/wp-json\/wp\/v2\/posts\/2289\/revisions"}],"wp:featuredmedia":[{"embeddable":true,"href":"http:\/\/mickyandoniehn.com\/radio\/wp-json\/wp\/v2\/media\/2290"}],"wp:attachment":[{"href":"http:\/\/mickyandoniehn.com\/radio\/wp-json\/wp\/v2\/media?parent=2289"}],"wp:term":[{"taxonomy":"category","embeddable":true,"href":"http:\/\/mickyandoniehn.com\/radio\/wp-json\/wp\/v2\/categories?post=2289"},{"taxonomy":"post_tag","embeddable":true,"href":"http:\/\/mickyandoniehn.com\/radio\/wp-json\/wp\/v2\/tags?post=2289"}],"curies":[{"name":"wp","href":"https:\/\/api.w.org\/{rel}","templated":true}]}}