{"id":2279,"date":"2021-11-05T09:17:55","date_gmt":"2021-11-05T15:17:55","guid":{"rendered":"http:\/\/mickyandoniehn.com\/radio\/2021\/11\/05\/constatan-que-el-alzheimer-se-desarrolla-en-el-cerebro-de-forma-muy-distinta\/"},"modified":"2021-11-05T09:17:55","modified_gmt":"2021-11-05T15:17:55","slug":"constatan-que-el-alzheimer-se-desarrolla-en-el-cerebro-de-forma-muy-distinta","status":"publish","type":"post","link":"http:\/\/mickyandoniehn.com\/radio\/2021\/11\/05\/constatan-que-el-alzheimer-se-desarrolla-en-el-cerebro-de-forma-muy-distinta\/","title":{"rendered":"Constatan que el alzh\u00e9imer se desarrolla en el cerebro de forma muy distinta"},"content":{"rendered":"<p><strong>Tegucigalpa,Honduras viernes 05 noviembre 2021<\/strong><\/p>\n\n<p>Un equipo internacional de cient\u00edficos ha constatado que, en lugar de partir de un \u00fanico punto en el cerebro e iniciar una reacci\u00f3n en cadena que conduce a la muerte de las c\u00e9lulas cerebrales, la enfermedad de Alzheimer llega a diferentes regiones individuales del cerebro de forma temprana.<\/p>\n<p>La rapidez con la que la enfermedad mata las c\u00e9lulas de estas regiones, a trav\u00e9s de la producci\u00f3n de grupos de prote\u00ednas t\u00f3xicas, delimita la velocidad con la que la enfermedad progresa en general.<\/p>\n<p>Estos resultados, que publica la revista Science Advances, podr\u00edan tener importantes implicaciones para el desarrollo de posibles tratamientos para esta y otras enfermedades neurodegenerativas.<\/p>\n<p>El equipo est\u00e1 dirigido por la Universidad de Cambridge (Reino Unido) y ha llegado a estas conclusiones tras el an\u00e1lisis de muestras cerebrales \u00abpost mortem\u00bb de pacientes con alzh\u00e9imer, y el uso de esc\u00e1neres PET (tomograf\u00eda por emisi\u00f3n de positrones) de pacientes vivos.<\/p>\n<p>Los enfermos ten\u00edan desde un deterioro cognitivo leve hasta alzh\u00e9imer avanzado. El objetivo, rastrear la agregaci\u00f3n de tau, una de las dos prote\u00ednas clave implicadas en la enfermedad.<\/p>\n<p>En el alzh\u00e9imer, la tau y otra prote\u00edna llamada beta-amiloide se acumulan en mara\u00f1as y placas -conocidas colectivamente como agregados-, lo que provoca la muerte de las c\u00e9lulas cerebrales y el encogimiento del cerebro.<\/p>\n<p>El resultado es la p\u00e9rdida de memoria, los cambios de personalidad y la dificultad para llevar a cabo las funciones diarias, explica un comunicado de la Universidad de Cambridge.<\/p>\n<p>Al combinar cinco conjuntos de datos diferentes y aplicarlos al mismo modelo matem\u00e1tico, los investigadores observaron que el mecanismo que controla el ritmo de progresi\u00f3n de la enfermedad de alzh\u00e9imer es la replicaci\u00f3n de los agregados en regiones individuales del cerebro, y no la propagaci\u00f3n de los agregados de una regi\u00f3n a otra.<\/p>\n<p>Durante muchos a\u00f1os, los procesos cerebrales que dan lugar a la enfermedad se han descrito con t\u00e9rminos como \u00abcascada\u00bb o \u00abreacci\u00f3n en cadena\u00bb.<\/p>\n<p>Se trata, admiten los investigadores, de una enfermedad dif\u00edcil de estudiar, ya que se desarrolla a lo largo de d\u00e9cadas y s\u00f3lo se puede dar un diagn\u00f3stico definitivo tras examinar muestras de tejido cerebral despu\u00e9s de la muerte.<\/p>\n<p>La idea hasta ahora era que el alzh\u00e9imer se desarrolla de forma similar a muchos tipos de c\u00e1ncer: los agregados se forman en una regi\u00f3n y luego se extienden por el cerebro, explica Georg Meisl, primer autor del trabajo.<\/p>\n<p>\u00abEn cambio, descubrimos que cuando el alzh\u00e9imer comienza, ya hay agregados en m\u00faltiples regiones del cerebro, por lo que tratar de detener la propagaci\u00f3n entre regiones servir\u00e1 de poco para frenar la enfermedad\u00bb.<\/p>\n<p>Los investigadores descubrieron que la replicaci\u00f3n de los agregados de tau es inesperadamente lenta: tarda hasta cinco a\u00f1os.<\/p>\n<p>\u00abLas neuronas son sorprendentemente buenas a la hora de impedir la formaci\u00f3n de agregados, pero tenemos que encontrar formas de hacerlas a\u00fan mejores si queremos desarrollar un tratamiento eficaz\u00bb, subraya David Klenerman, coautor del estudio y miembro del Instituto de Investigaci\u00f3n de la Demencia del Reino Unido, en la citada universidad.<\/p>\n<p>\u00a0<\/p>\n<p><strong>Fuente: La Tribuna<\/strong><\/p>","protected":false},"excerpt":{"rendered":"<p>Tegucigalpa,Honduras viernes 05 noviembre 2021 Un equipo internacional de cient\u00edficos ha constatado que, en lugar de partir de un \u00fanico punto en el cerebro e iniciar una reacci\u00f3n en cadena que conduce a la muerte de las c\u00e9lulas cerebrales, la enfermedad de Alzheimer llega a diferentes regiones individuales del cerebro de forma temprana. La rapidez &hellip;<\/p>\n","protected":false},"author":0,"featured_media":2280,"comment_status":"open","ping_status":"open","sticky":false,"template":"","format":"standard","meta":{"_jetpack_memberships_contains_paid_content":false,"footnotes":""},"categories":[5],"tags":[],"class_list":["post-2279","post","type-post","status-publish","format-standard","has-post-thumbnail","","category-noticias"],"jetpack_sharing_enabled":true,"jetpack_featured_media_url":"http:\/\/mickyandoniehn.com\/radio\/wp-content\/uploads\/2021\/11\/alzheimer-c53gBz.jpeg","_links":{"self":[{"href":"http:\/\/mickyandoniehn.com\/radio\/wp-json\/wp\/v2\/posts\/2279","targetHints":{"allow":["GET"]}}],"collection":[{"href":"http:\/\/mickyandoniehn.com\/radio\/wp-json\/wp\/v2\/posts"}],"about":[{"href":"http:\/\/mickyandoniehn.com\/radio\/wp-json\/wp\/v2\/types\/post"}],"replies":[{"embeddable":true,"href":"http:\/\/mickyandoniehn.com\/radio\/wp-json\/wp\/v2\/comments?post=2279"}],"version-history":[{"count":0,"href":"http:\/\/mickyandoniehn.com\/radio\/wp-json\/wp\/v2\/posts\/2279\/revisions"}],"wp:featuredmedia":[{"embeddable":true,"href":"http:\/\/mickyandoniehn.com\/radio\/wp-json\/wp\/v2\/media\/2280"}],"wp:attachment":[{"href":"http:\/\/mickyandoniehn.com\/radio\/wp-json\/wp\/v2\/media?parent=2279"}],"wp:term":[{"taxonomy":"category","embeddable":true,"href":"http:\/\/mickyandoniehn.com\/radio\/wp-json\/wp\/v2\/categories?post=2279"},{"taxonomy":"post_tag","embeddable":true,"href":"http:\/\/mickyandoniehn.com\/radio\/wp-json\/wp\/v2\/tags?post=2279"}],"curies":[{"name":"wp","href":"https:\/\/api.w.org\/{rel}","templated":true}]}}