{"id":2118,"date":"2021-11-02T10:20:59","date_gmt":"2021-11-02T16:20:59","guid":{"rendered":"http:\/\/mickyandoniehn.com\/radio\/2021\/11\/02\/claudia-ramirez-tercera-dosis-deberia-depender-de-la-cantidad-de-anticuerpos\/"},"modified":"2021-11-02T10:20:59","modified_gmt":"2021-11-02T16:20:59","slug":"claudia-ramirez-tercera-dosis-deberia-depender-de-la-cantidad-de-anticuerpos","status":"publish","type":"post","link":"http:\/\/mickyandoniehn.com\/radio\/2021\/11\/02\/claudia-ramirez-tercera-dosis-deberia-depender-de-la-cantidad-de-anticuerpos\/","title":{"rendered":"Claudia Ram\u00edrez: \u00abtercera dosis deber\u00eda depender de la cantidad de anticuerpos\u00bb"},"content":{"rendered":"<p><strong>Tegucigalpa,Honduras martes 02 noviembre 2021<\/strong><\/p>\n\n<p>La miembro de la junta directiva del Colegio M\u00e9dico de Honduras (CMH), Claudia Ram\u00edrez, expres\u00f3 este mi\u00e9rcoles que\u00a0 la tercera dosis va a depender mucho de la generaci\u00f3n de anticuerpos que ha tenido cada una de estas vacunas y que genere en el cuerpo humano\u201d, expres\u00f3 la galena.<\/p>\n<p>Estamos viendo que se est\u00e1 haciendo un estudio donde se ha observado que la vacuna Moderna y Pfizer son las que est\u00e1n repuntando en la generaci\u00f3n de mayores anticuerpos, la AstraZeneca est\u00e1 en la parte de media y Johnson &amp; Johnson es la que ha generado menor cantidad de anticuerpos.<\/p>\n<p>Bas\u00e1ndose en lo antes mencionado, la mayor parte de vacunas que tuvo el personal de salud fue de AstraZeneca, que es la que est\u00e1 generando anticuerpos en t\u00e9rmino medio y podemos decir que es important\u00edsimo que el personal de salud que ha estado vacunado con este tipo de vacuna reciba una tercera dosis de la vacuna para elevar los anticuerpos.<\/p>\n<p>Tambi\u00e9n a medida transcurre el tiempo, hemos observado que los anticuerpos van disminuyendo y esto puede andar alrededor de seis a ocho meses, por eso se est\u00e1 pidiendo que sea posterior a seis meses de la seis meses despu\u00e9s de la segunda dosis ya aplicada y donde ya se observa que est\u00e1n descendiendo los anticuerpos.<\/p>\n<p><strong>Fuente: La Tribuna<\/strong><\/p>","protected":false},"excerpt":{"rendered":"<p>Tegucigalpa,Honduras martes 02 noviembre 2021 La miembro de la junta directiva del Colegio M\u00e9dico de Honduras (CMH), Claudia Ram\u00edrez, expres\u00f3 este mi\u00e9rcoles que\u00a0 la tercera dosis va a depender mucho de la generaci\u00f3n de anticuerpos que ha tenido cada una de estas vacunas y que genere en el cuerpo humano\u201d, expres\u00f3 la galena. Estamos viendo &hellip;<\/p>\n","protected":false},"author":0,"featured_media":2119,"comment_status":"open","ping_status":"open","sticky":false,"template":"","format":"standard","meta":{"_jetpack_memberships_contains_paid_content":false,"footnotes":""},"categories":[5],"tags":[],"class_list":["post-2118","post","type-post","status-publish","format-standard","has-post-thumbnail","","category-noticias"],"jetpack_sharing_enabled":true,"jetpack_featured_media_url":"http:\/\/mickyandoniehn.com\/radio\/wp-content\/uploads\/2021\/11\/REACTIVA-VACUNACION-xA4GrV.jpeg","_links":{"self":[{"href":"http:\/\/mickyandoniehn.com\/radio\/wp-json\/wp\/v2\/posts\/2118","targetHints":{"allow":["GET"]}}],"collection":[{"href":"http:\/\/mickyandoniehn.com\/radio\/wp-json\/wp\/v2\/posts"}],"about":[{"href":"http:\/\/mickyandoniehn.com\/radio\/wp-json\/wp\/v2\/types\/post"}],"replies":[{"embeddable":true,"href":"http:\/\/mickyandoniehn.com\/radio\/wp-json\/wp\/v2\/comments?post=2118"}],"version-history":[{"count":0,"href":"http:\/\/mickyandoniehn.com\/radio\/wp-json\/wp\/v2\/posts\/2118\/revisions"}],"wp:featuredmedia":[{"embeddable":true,"href":"http:\/\/mickyandoniehn.com\/radio\/wp-json\/wp\/v2\/media\/2119"}],"wp:attachment":[{"href":"http:\/\/mickyandoniehn.com\/radio\/wp-json\/wp\/v2\/media?parent=2118"}],"wp:term":[{"taxonomy":"category","embeddable":true,"href":"http:\/\/mickyandoniehn.com\/radio\/wp-json\/wp\/v2\/categories?post=2118"},{"taxonomy":"post_tag","embeddable":true,"href":"http:\/\/mickyandoniehn.com\/radio\/wp-json\/wp\/v2\/tags?post=2118"}],"curies":[{"name":"wp","href":"https:\/\/api.w.org\/{rel}","templated":true}]}}