{"id":2116,"date":"2021-11-02T10:20:58","date_gmt":"2021-11-02T16:20:58","guid":{"rendered":"http:\/\/mickyandoniehn.com\/radio\/2021\/11\/02\/la-pandemia-destruira-el-equivalente-a-125-millones-de-empleos-en-2021\/"},"modified":"2021-11-02T10:20:58","modified_gmt":"2021-11-02T16:20:58","slug":"la-pandemia-destruira-el-equivalente-a-125-millones-de-empleos-en-2021","status":"publish","type":"post","link":"http:\/\/mickyandoniehn.com\/radio\/2021\/11\/02\/la-pandemia-destruira-el-equivalente-a-125-millones-de-empleos-en-2021\/","title":{"rendered":"La pandemia destruir\u00e1 el equivalente a 125 millones de empleos en 2021"},"content":{"rendered":"<p><strong>Tegucigalpa,Honduras martes 02 noviembre 2021<\/strong><\/p>\n\n<p>La pandemia de coronavirus destruir\u00e1 en 2021 el equivalente a 125 millones de puestos de trabajo en todo el mundo, advirti\u00f3 hoy la Organizaci\u00f3n Internacional del Trabajo (OIT), tras alertar de que la recuperaci\u00f3n del mercado laboral global se ha estancado, lo que le ha llevado a empeorar sus previsiones.<\/p>\n<p>A mediados de a\u00f1o la organizaci\u00f3n hab\u00eda estimado que a finales de 2021 se perder\u00edan horas de trabajo equivalentes a 100 millones de empleos, una cifra que ha aumentado en 25 millones tras observar que en el tercer trimestre las cifras son incluso peores que a comienzos del a\u00f1o.<\/p>\n<p>En el primer trimestre de 2021 la p\u00e9rdida de horas de trabajo equivali\u00f3 a 131 millones de empleos, en el segundo subi\u00f3 a 140 millones, en el tercero se situ\u00f3 en 136 millones y para el cuarto se calcula que a\u00fan ascienda a 94 millones, seg\u00fan el informe sobre efectos de la pandemia en el empleo publicado hoy por la OIT.<\/p>\n<p>Las cifras se calculan en relaci\u00f3n con el cuarto trimestre de 2019, el \u00faltimo antes de la pandemia, y no s\u00f3lo tienen en cuenta las p\u00e9rdidas totales de puestos de trabajo, sino tambi\u00e9n la reducci\u00f3n de jornadas laborales y otros factores que contribuyeran a un descenso de horas trabajadas.<\/p>\n<p><strong>Fuente: La Tribuna<\/strong><\/p>","protected":false},"excerpt":{"rendered":"<p>Tegucigalpa,Honduras martes 02 noviembre 2021 La pandemia de coronavirus destruir\u00e1 en 2021 el equivalente a 125 millones de puestos de trabajo en todo el mundo, advirti\u00f3 hoy la Organizaci\u00f3n Internacional del Trabajo (OIT), tras alertar de que la recuperaci\u00f3n del mercado laboral global se ha estancado, lo que le ha llevado a empeorar sus previsiones. &hellip;<\/p>\n","protected":false},"author":0,"featured_media":2117,"comment_status":"open","ping_status":"open","sticky":false,"template":"","format":"standard","meta":{"_jetpack_memberships_contains_paid_content":false,"footnotes":""},"categories":[5],"tags":[],"class_list":["post-2116","post","type-post","status-publish","format-standard","has-post-thumbnail","","category-noticias"],"jetpack_sharing_enabled":true,"jetpack_featured_media_url":"http:\/\/mickyandoniehn.com\/radio\/wp-content\/uploads\/2021\/11\/pandemia-empleos-2021-QxFYks.jpeg","_links":{"self":[{"href":"http:\/\/mickyandoniehn.com\/radio\/wp-json\/wp\/v2\/posts\/2116","targetHints":{"allow":["GET"]}}],"collection":[{"href":"http:\/\/mickyandoniehn.com\/radio\/wp-json\/wp\/v2\/posts"}],"about":[{"href":"http:\/\/mickyandoniehn.com\/radio\/wp-json\/wp\/v2\/types\/post"}],"replies":[{"embeddable":true,"href":"http:\/\/mickyandoniehn.com\/radio\/wp-json\/wp\/v2\/comments?post=2116"}],"version-history":[{"count":0,"href":"http:\/\/mickyandoniehn.com\/radio\/wp-json\/wp\/v2\/posts\/2116\/revisions"}],"wp:featuredmedia":[{"embeddable":true,"href":"http:\/\/mickyandoniehn.com\/radio\/wp-json\/wp\/v2\/media\/2117"}],"wp:attachment":[{"href":"http:\/\/mickyandoniehn.com\/radio\/wp-json\/wp\/v2\/media?parent=2116"}],"wp:term":[{"taxonomy":"category","embeddable":true,"href":"http:\/\/mickyandoniehn.com\/radio\/wp-json\/wp\/v2\/categories?post=2116"},{"taxonomy":"post_tag","embeddable":true,"href":"http:\/\/mickyandoniehn.com\/radio\/wp-json\/wp\/v2\/tags?post=2116"}],"curies":[{"name":"wp","href":"https:\/\/api.w.org\/{rel}","templated":true}]}}