{"id":20481,"date":"2022-06-29T07:13:18","date_gmt":"2022-06-29T13:13:18","guid":{"rendered":"https:\/\/mickyandoniehn.com\/radio\/2022\/06\/29\/hoy-estaria-de-cumpleanos-el-periodista-ramon-wilberto-nuila-coto-qddg-muchas-felicidades-hasta-el-cielo\/"},"modified":"2022-06-29T07:13:18","modified_gmt":"2022-06-29T13:13:18","slug":"hoy-estaria-de-cumpleanos-el-periodista-ramon-wilberto-nuila-coto-qddg-muchas-felicidades-hasta-el-cielo","status":"publish","type":"post","link":"http:\/\/mickyandoniehn.com\/radio\/2022\/06\/29\/hoy-estaria-de-cumpleanos-el-periodista-ramon-wilberto-nuila-coto-qddg-muchas-felicidades-hasta-el-cielo\/","title":{"rendered":"Hoy estar\u00eda de Cumplea\u00f1os el Periodista Ram\u00f3n Wilberto Nuila Coto (QDDG); Muchas Felicidades hasta el Cielo"},"content":{"rendered":"<\/p>\n","protected":false},"excerpt":{"rendered":"","protected":false},"author":0,"featured_media":0,"comment_status":"open","ping_status":"open","sticky":false,"template":"","format":"standard","meta":{"_jetpack_memberships_contains_paid_content":false,"footnotes":""},"categories":[5],"tags":[],"class_list":["post-20481","post","type-post","status-publish","format-standard","","category-noticias"],"jetpack_sharing_enabled":true,"jetpack_featured_media_url":"","_links":{"self":[{"href":"http:\/\/mickyandoniehn.com\/radio\/wp-json\/wp\/v2\/posts\/20481","targetHints":{"allow":["GET"]}}],"collection":[{"href":"http:\/\/mickyandoniehn.com\/radio\/wp-json\/wp\/v2\/posts"}],"about":[{"href":"http:\/\/mickyandoniehn.com\/radio\/wp-json\/wp\/v2\/types\/post"}],"replies":[{"embeddable":true,"href":"http:\/\/mickyandoniehn.com\/radio\/wp-json\/wp\/v2\/comments?post=20481"}],"version-history":[{"count":0,"href":"http:\/\/mickyandoniehn.com\/radio\/wp-json\/wp\/v2\/posts\/20481\/revisions"}],"wp:attachment":[{"href":"http:\/\/mickyandoniehn.com\/radio\/wp-json\/wp\/v2\/media?parent=20481"}],"wp:term":[{"taxonomy":"category","embeddable":true,"href":"http:\/\/mickyandoniehn.com\/radio\/wp-json\/wp\/v2\/categories?post=20481"},{"taxonomy":"post_tag","embeddable":true,"href":"http:\/\/mickyandoniehn.com\/radio\/wp-json\/wp\/v2\/tags?post=20481"}],"curies":[{"name":"wp","href":"https:\/\/api.w.org\/{rel}","templated":true}]}}