{"id":20475,"date":"2022-06-29T07:13:17","date_gmt":"2022-06-29T13:13:17","guid":{"rendered":"https:\/\/mickyandoniehn.com\/radio\/2022\/06\/29\/la-historia-del-mundo-y-honduras-479\/"},"modified":"2022-06-29T07:13:17","modified_gmt":"2022-06-29T13:13:17","slug":"la-historia-del-mundo-y-honduras-479","status":"publish","type":"post","link":"http:\/\/mickyandoniehn.com\/radio\/2022\/06\/29\/la-historia-del-mundo-y-honduras-479\/","title":{"rendered":"La Historia del Mundo y Honduras"},"content":{"rendered":"<\/p>\n<p><strong>29.06.1900<\/strong><\/p>\n<p><strong>Naci\u00f3 el autor de El Principito, Antoine de Saint Exup\u00e9ry<\/strong><\/p>\n<p>Antoine de Saint-Exup\u00e9ry fue un aviador y literato franc\u00e9s que s\u00f3lo vivi\u00f3 escasos 44 a\u00f1os. Naci\u00f3 en Lyon, el 29 de junio de 1900 y falleci\u00f3 en el a\u00f1o 1944. Su obra m\u00e1s famosa y por la que ha trascendido es El Principito, un cuento largo que en formato de libro ha batido r\u00e9cords de venta en el mundo y en todos los idiomas desde 1943, a\u00f1o en que se public\u00f3 por primera vez en franc\u00e9s.<\/p>\n","protected":false},"excerpt":{"rendered":"<p>29.06.1900 Naci\u00f3 el autor de El Principito, Antoine de Saint Exup\u00e9ry Antoine de Saint-Exup\u00e9ry fue un aviador y literato franc\u00e9s que s\u00f3lo vivi\u00f3 escasos 44 a\u00f1os. Naci\u00f3 en Lyon, el 29 de junio de 1900 y falleci\u00f3 en el a\u00f1o 1944. Su obra m\u00e1s famosa y por la que ha trascendido es El Principito, un &hellip;<\/p>\n","protected":false},"author":0,"featured_media":20476,"comment_status":"open","ping_status":"open","sticky":false,"template":"","format":"standard","meta":{"_jetpack_memberships_contains_paid_content":false,"footnotes":""},"categories":[5],"tags":[],"class_list":["post-20475","post","type-post","status-publish","format-standard","has-post-thumbnail","","category-noticias"],"jetpack_sharing_enabled":true,"jetpack_featured_media_url":"http:\/\/mickyandoniehn.com\/radio\/wp-content\/uploads\/2022\/06\/29-de-Junio-de-1900-NaciC3B3-el-autor-de-El-Principito-Antoine-de-Saint-ExupC3A9ry-InuVMZ.jpeg","_links":{"self":[{"href":"http:\/\/mickyandoniehn.com\/radio\/wp-json\/wp\/v2\/posts\/20475","targetHints":{"allow":["GET"]}}],"collection":[{"href":"http:\/\/mickyandoniehn.com\/radio\/wp-json\/wp\/v2\/posts"}],"about":[{"href":"http:\/\/mickyandoniehn.com\/radio\/wp-json\/wp\/v2\/types\/post"}],"replies":[{"embeddable":true,"href":"http:\/\/mickyandoniehn.com\/radio\/wp-json\/wp\/v2\/comments?post=20475"}],"version-history":[{"count":0,"href":"http:\/\/mickyandoniehn.com\/radio\/wp-json\/wp\/v2\/posts\/20475\/revisions"}],"wp:featuredmedia":[{"embeddable":true,"href":"http:\/\/mickyandoniehn.com\/radio\/wp-json\/wp\/v2\/media\/20476"}],"wp:attachment":[{"href":"http:\/\/mickyandoniehn.com\/radio\/wp-json\/wp\/v2\/media?parent=20475"}],"wp:term":[{"taxonomy":"category","embeddable":true,"href":"http:\/\/mickyandoniehn.com\/radio\/wp-json\/wp\/v2\/categories?post=20475"},{"taxonomy":"post_tag","embeddable":true,"href":"http:\/\/mickyandoniehn.com\/radio\/wp-json\/wp\/v2\/tags?post=20475"}],"curies":[{"name":"wp","href":"https:\/\/api.w.org\/{rel}","templated":true}]}}