{"id":20473,"date":"2022-06-29T07:13:16","date_gmt":"2022-06-29T13:13:16","guid":{"rendered":"https:\/\/mickyandoniehn.com\/radio\/2022\/06\/29\/la-historia-del-mundo-y-honduras-478\/"},"modified":"2022-06-29T07:13:16","modified_gmt":"2022-06-29T13:13:16","slug":"la-historia-del-mundo-y-honduras-478","status":"publish","type":"post","link":"http:\/\/mickyandoniehn.com\/radio\/2022\/06\/29\/la-historia-del-mundo-y-honduras-478\/","title":{"rendered":"La Historia del Mundo y Honduras"},"content":{"rendered":"<\/p>\n<p><strong>29.06.1975<\/strong><\/p>\n<p><strong>Falleci\u00f3 Dionisio Ridruejo<\/strong><\/p>\n<p>Dionisio Ridruejo fue un poeta e intelectual espa\u00f1ol, uno de los m\u00e1s genuinos de la poes\u00eda latinoamericana. Naci\u00f3 el 12 de octubre de 1912 y falleci\u00f3 el 29 de junio de 1975. Su l\u00edrica es testimonial e intimista, de corte cl\u00e1sico y sus motivos se mueven en torno al tema amoroso, la naturaleza, los sentimientos religiosos y patri\u00f3ticos o el arte y la literatura. Disc\u00edpulo del poeta espa\u00f1ol Antonio Machado, en su primer libro, \u00abPlural\u00bb (1935), se nota su influencia.<\/p>\n","protected":false},"excerpt":{"rendered":"<p>29.06.1975 Falleci\u00f3 Dionisio Ridruejo Dionisio Ridruejo fue un poeta e intelectual espa\u00f1ol, uno de los m\u00e1s genuinos de la poes\u00eda latinoamericana. Naci\u00f3 el 12 de octubre de 1912 y falleci\u00f3 el 29 de junio de 1975. Su l\u00edrica es testimonial e intimista, de corte cl\u00e1sico y sus motivos se mueven en torno al tema amoroso, &hellip;<\/p>\n","protected":false},"author":0,"featured_media":20474,"comment_status":"open","ping_status":"open","sticky":false,"template":"","format":"standard","meta":{"_jetpack_memberships_contains_paid_content":false,"footnotes":""},"categories":[5],"tags":[],"class_list":["post-20473","post","type-post","status-publish","format-standard","has-post-thumbnail","","category-noticias"],"jetpack_sharing_enabled":true,"jetpack_featured_media_url":"http:\/\/mickyandoniehn.com\/radio\/wp-content\/uploads\/2022\/06\/29-de-Junio-de-1975-FalleciC3B3-Dionisio-Ridruejo-vPe4r9.jpeg","_links":{"self":[{"href":"http:\/\/mickyandoniehn.com\/radio\/wp-json\/wp\/v2\/posts\/20473","targetHints":{"allow":["GET"]}}],"collection":[{"href":"http:\/\/mickyandoniehn.com\/radio\/wp-json\/wp\/v2\/posts"}],"about":[{"href":"http:\/\/mickyandoniehn.com\/radio\/wp-json\/wp\/v2\/types\/post"}],"replies":[{"embeddable":true,"href":"http:\/\/mickyandoniehn.com\/radio\/wp-json\/wp\/v2\/comments?post=20473"}],"version-history":[{"count":0,"href":"http:\/\/mickyandoniehn.com\/radio\/wp-json\/wp\/v2\/posts\/20473\/revisions"}],"wp:featuredmedia":[{"embeddable":true,"href":"http:\/\/mickyandoniehn.com\/radio\/wp-json\/wp\/v2\/media\/20474"}],"wp:attachment":[{"href":"http:\/\/mickyandoniehn.com\/radio\/wp-json\/wp\/v2\/media?parent=20473"}],"wp:term":[{"taxonomy":"category","embeddable":true,"href":"http:\/\/mickyandoniehn.com\/radio\/wp-json\/wp\/v2\/categories?post=20473"},{"taxonomy":"post_tag","embeddable":true,"href":"http:\/\/mickyandoniehn.com\/radio\/wp-json\/wp\/v2\/tags?post=20473"}],"curies":[{"name":"wp","href":"https:\/\/api.w.org\/{rel}","templated":true}]}}