{"id":20467,"date":"2022-06-29T07:13:14","date_gmt":"2022-06-29T13:13:14","guid":{"rendered":"https:\/\/mickyandoniehn.com\/radio\/2022\/06\/29\/la-transformacion-digital-se-estanca-en-iberoamerica-a-causa-de-la-pandemia\/"},"modified":"2022-06-29T07:13:14","modified_gmt":"2022-06-29T13:13:14","slug":"la-transformacion-digital-se-estanca-en-iberoamerica-a-causa-de-la-pandemia","status":"publish","type":"post","link":"http:\/\/mickyandoniehn.com\/radio\/2022\/06\/29\/la-transformacion-digital-se-estanca-en-iberoamerica-a-causa-de-la-pandemia\/","title":{"rendered":"La transformaci\u00f3n digital se estanca en Iberoam\u00e9rica a causa de la pandemia"},"content":{"rendered":"<p><strong>Tegucigalpa,Honduras mi\u00e9rcoles 29 junio 2022<\/strong><\/p>\n<\/p>\n<p>El avance de la transformaci\u00f3n digital de Iberoam\u00e9rica se ha visto frenado por la pandemia y sus consecuencias socioecon\u00f3micas como un aumento de la pobreza y de la desigualdad, seg\u00fan un estudio de la Fundaci\u00f3n espa\u00f1ola Alternativas presentado hoyen Madrid.<\/p>\n<p>Un reciente diagn\u00f3stico sobre la situaci\u00f3n de la educaci\u00f3n superior despu\u00e9s de la covid-19, recogido en este informe, indica que el 80 % de los j\u00f3venes de la regi\u00f3n titulados \u201cno poseen competencias que aseguren una r\u00e1pida y estable empleabilidad\u201d.<\/p>\n<p>En este contexto, son los sistemas nacionales de innovaci\u00f3n los que \u201cse tornan cada vez m\u00e1s relevantes para ofrecer nuevas alternativas para la atenci\u00f3n de estos problemas del desarrollo\u201d, seg\u00fan el documento \u201cLa digitalizaci\u00f3n iberoamericana\u201d, en el que colaboran varios autores espa\u00f1oles y latinoamericanos.<\/p>\n<p>Sin embargo, la inversi\u00f3n en I+D de la regi\u00f3n \u201csigue siendo escasa y, por lo tanto, una asignatura pendiente para cambiar el rumbo del desarrollo\u201d.<\/p>\n<p>Adem\u00e1s, el esfuerzo en I+D proviene principalmente del sector p\u00fablico, \u201cpor lo cual sigue siendo importante tratar de fomentar la inversi\u00f3n privada en I+D para dotarse de un mayor compromiso con la innovaci\u00f3n por parte del sector productivo\u201d, entre otras conclusiones.<\/p>\n<p>Los gobiernos han sido \u201cuno de los principales financiadores de la I+D+i en la regi\u00f3n\u201d, indic\u00f3 Lisset Medina, doctora en Econom\u00eda e investigadora del Instituto Complutense de Estudios Internacionales (Espa\u00f1a).<\/p>\n<p>Es este sentido, no solo es cuesti\u00f3n de incrementar la inversi\u00f3n, sino que, a la vez, se requiere de una estructura que asegure una \u201cverdadera implicaci\u00f3n entre el sistema cient\u00edfico y el sector productivo\u201d, apunta el documento. Y esto es clave \u201cpara la competitividad y el crecimiento econ\u00f3mico en la regi\u00f3n\u201d.<\/p>\n<p>Sin embargo, existe una baja propensi\u00f3n de los pa\u00edses a latinoamericanos a invertir en I+D+1, pues solo Portugal, Espa\u00f1a y Brasil superan el 1 % del PIB.<\/p>\n<p>En la presentaci\u00f3n, el secretario de Estado espa\u00f1ol para Iberoam\u00e9rica y el Caribe, Juan Fern\u00e1ndez Trigo, indic\u00f3 que este informe \u201ces necesario porque invita a reflexionar sobre el actual contexto en que vive Iberoam\u00e9rica y las oportunidades que tiene la regi\u00f3n para aprovechar el crecimiento asociado a los procesos de digitalizaci\u00f3n\u201d.<\/p>\n<p>El informe tambi\u00e9n analiza el papel de la ciberseguridad en el nuevo contexto de digitalizaci\u00f3n, que es \u201cun apalancador\u201d de la transformaci\u00f3n digital y el desarrollo de las nuevas tecnolog\u00edas\u201d, destac\u00f3 Carlos Casta\u00f1eda, investigador de la Escuela Naval de Colombia.<\/p>\n<p>Casta\u00f1eda incidi\u00f3 en el aumento \u201calt\u00edsimo\u201d de los ciberataques en la regi\u00f3n; concretamente, seg\u00fan los datos del informe, en 2020 \u201chubo m\u00e1s de 41 mil millones de intentos\u201d. \u00a0Casi el 90 % de los corporativos se dirigieron contra Brasil, M\u00e9xico y Colombia.<\/p>\n<p><strong>Fuente: La Tribuna<\/strong><\/p>\n","protected":false},"excerpt":{"rendered":"<p>Tegucigalpa,Honduras mi\u00e9rcoles 29 junio 2022 El avance de la transformaci\u00f3n digital de Iberoam\u00e9rica se ha visto frenado por la pandemia y sus consecuencias socioecon\u00f3micas como un aumento de la pobreza y de la desigualdad, seg\u00fan un estudio de la Fundaci\u00f3n espa\u00f1ola Alternativas presentado hoyen Madrid. Un reciente diagn\u00f3stico sobre la situaci\u00f3n de la educaci\u00f3n superior &hellip;<\/p>\n","protected":false},"author":0,"featured_media":20468,"comment_status":"open","ping_status":"open","sticky":false,"template":"","format":"standard","meta":{"_jetpack_memberships_contains_paid_content":false,"footnotes":""},"categories":[5],"tags":[],"class_list":["post-20467","post","type-post","status-publish","format-standard","has-post-thumbnail","","category-noticias"],"jetpack_sharing_enabled":true,"jetpack_featured_media_url":"http:\/\/mickyandoniehn.com\/radio\/wp-content\/uploads\/2022\/06\/TELECLASE-guatemala-honduras-brechadigital-mdbfNb.jpeg","_links":{"self":[{"href":"http:\/\/mickyandoniehn.com\/radio\/wp-json\/wp\/v2\/posts\/20467","targetHints":{"allow":["GET"]}}],"collection":[{"href":"http:\/\/mickyandoniehn.com\/radio\/wp-json\/wp\/v2\/posts"}],"about":[{"href":"http:\/\/mickyandoniehn.com\/radio\/wp-json\/wp\/v2\/types\/post"}],"replies":[{"embeddable":true,"href":"http:\/\/mickyandoniehn.com\/radio\/wp-json\/wp\/v2\/comments?post=20467"}],"version-history":[{"count":0,"href":"http:\/\/mickyandoniehn.com\/radio\/wp-json\/wp\/v2\/posts\/20467\/revisions"}],"wp:featuredmedia":[{"embeddable":true,"href":"http:\/\/mickyandoniehn.com\/radio\/wp-json\/wp\/v2\/media\/20468"}],"wp:attachment":[{"href":"http:\/\/mickyandoniehn.com\/radio\/wp-json\/wp\/v2\/media?parent=20467"}],"wp:term":[{"taxonomy":"category","embeddable":true,"href":"http:\/\/mickyandoniehn.com\/radio\/wp-json\/wp\/v2\/categories?post=20467"},{"taxonomy":"post_tag","embeddable":true,"href":"http:\/\/mickyandoniehn.com\/radio\/wp-json\/wp\/v2\/tags?post=20467"}],"curies":[{"name":"wp","href":"https:\/\/api.w.org\/{rel}","templated":true}]}}