{"id":20461,"date":"2022-06-29T06:12:54","date_gmt":"2022-06-29T12:12:54","guid":{"rendered":"http:\/\/mickyandoniehn.com\/radio\/2022\/06\/29\/contagios-de-covid-hacia-el-alza-en-honduras-luego-de-varios-meses-de-pausa\/"},"modified":"2022-06-29T06:12:54","modified_gmt":"2022-06-29T12:12:54","slug":"contagios-de-covid-hacia-el-alza-en-honduras-luego-de-varios-meses-de-pausa","status":"publish","type":"post","link":"http:\/\/mickyandoniehn.com\/radio\/2022\/06\/29\/contagios-de-covid-hacia-el-alza-en-honduras-luego-de-varios-meses-de-pausa\/","title":{"rendered":"Contagios de COVID hacia el alza en Honduras, luego de varios meses de \u201cpausa"},"content":{"rendered":"<p><strong>Tegucigalpa,Honduras mi\u00e9rcoles 29 junio 2022<\/strong><\/p>\n<\/p>\n<p class=\"p1\"><span class=\"s2\">Autoridades del Instituto Hondure\u00f1o de Seguridad Social (IHSS), reportaron un incremento significativo de pacientes en la sala de emergencia sospechosos de COVID-19. <\/span><\/p>\n<p class=\"p1\"><span class=\"s2\">Los \u00edndices \u00a0de atenci\u00f3n en el centro de triaje rondan los 350 y 300 pacientes diarios, y muchos de los pacientes hospitalizados, presentan su esquema de vacunaci\u00f3n completo. <\/span><\/p>\n<p class=\"p1\"><span class=\"s2\">Autoridades de Salud, alertaron a la poblaci\u00f3n que partir de la segunda quincena de julio, se estar\u00e1 viendo un aumento exponencial, si las persona no toman las medidas de bioseguridad y siguen en relajaci\u00f3n total. <\/span><span class=\"s2\"><span class=\"Apple-converted-space\">\u00a0 \u00a0 \u00a0 \u00a0 \u00a0 \u00a0 \u00a0 \u00a0 \u00a0 \u00a0 \u00a0\u00a0<\/span><\/span><\/p>\n<p class=\"p1\"><span class=\"s2\">Por otra parte, el subdirector del Hospital Escuela, Franklin G\u00f3mez, inform\u00f3 que un paciente adulto del g\u00e9nero masculino muri\u00f3 este martes por coronavirus en ese sanatorio, a pesar de tener tres dosis de vacuna contra el COVID-19.<\/span><\/p>\n<p class=\"p1\"><span class=\"s2\"><a href=\"https:\/\/hondudiario.com\/wp-content\/uploads\/2022\/05\/DSC_0171-scaled.jpg\"><br \/>\nG\u00f3mez se\u00f1al\u00f3 que la vacuna ayuda a no llegar a un estado grave de la enfermedad, pero no son garant\u00eda de que no se pueda contagiar con el virus.<\/a><\/span><\/p>\n<p class=\"p1\"><a href=\"https:\/\/hondudiario.com\/wp-content\/uploads\/2022\/05\/DSC_0171-scaled.jpg\"><span class=\"s2\">El m\u00e9dico indic\u00f3 que el paciente ten\u00eda tres dosis de la vacuna contra el coronavirus, pero tambi\u00e9n diabetes.<\/span><\/a><\/p>\n<p class=\"p1\"><a href=\"https:\/\/hondudiario.com\/wp-content\/uploads\/2022\/05\/DSC_0171-scaled.jpg\"><span class=\"s2\">Ante el reporte reciente de muertes por la enfermedad, G\u00f3mez advirti\u00f3 que Honduras est\u00e1 a las puertas de una nueva ola de la pandemia. <\/span><\/a><\/p>\n<p><a href=\"https:\/\/hondudiario.com\/wp-content\/uploads\/2022\/05\/DSC_0171-scaled.jpg\">El pasado lunes, el Instituto Cardiopulmonar m\u00e1s conocido como El T\u00f3rax, tambi\u00e9n reporto un fallecido a causa del COVID-19, por lo que los llamados a no bajar la guardia se intensifican.<\/a><\/p>\n<p><a href=\"https:\/\/hondudiario.com\/wp-content\/uploads\/2022\/05\/DSC_0171-scaled.jpg\"><strong>Observatorio<\/strong><\/a><a href=\"https:\/\/hondudiario.com\/wp-content\/uploads\/2021\/08\/99CD2051-C787-402B-B931-C52FF9E60A9D.jpeg\"><br \/>\nEl Observatorio de COVID-19 de la Universidad Tecnol\u00f3gica Centroamericana (Unitec) alert\u00f3 que se est\u00e1 reportando un aumento de n\u00famero de casos, hospitalizaciones y casos graves por esta enfermedad.<\/a><\/p>\n<p><a href=\"https:\/\/hondudiario.com\/wp-content\/uploads\/2021\/08\/99CD2051-C787-402B-B931-C52FF9E60A9D.jpeg\">Advirti\u00f3 de un incremento en la letalidad de 0.17 a 0.45 por ciento, mientras que la positividad aument\u00f3 en junio en un 114 por ciento en comparaci\u00f3n con mayo.<\/a><\/p>\n<p><a href=\"https:\/\/hondudiario.com\/wp-content\/uploads\/2021\/08\/99CD2051-C787-402B-B931-C52FF9E60A9D.jpeg\">Se\u00f1al\u00f3 que en los meses de mayo y junio, se ha notado tendencia a aumento en magnitudes variables, m\u00e1s alta en Guatemala y El Salvador.<\/a><\/p>\n<p><a href=\"https:\/\/hondudiario.com\/wp-content\/uploads\/2021\/08\/99CD2051-C787-402B-B931-C52FF9E60A9D.jpeg\">El reporte del Observatorio del COVID-19 de Unitec indica que los casos diarios iban disminuyendo de manera transitoria a partir de marzo, pero que se ha ido incrementando desde junio. <\/a><\/p>\n<p><strong>Fuente: La Tribuna<\/strong><\/p>\n","protected":false},"excerpt":{"rendered":"<p>Tegucigalpa,Honduras mi\u00e9rcoles 29 junio 2022 Autoridades del Instituto Hondure\u00f1o de Seguridad Social (IHSS), reportaron un incremento significativo de pacientes en la sala de emergencia sospechosos de COVID-19. Los \u00edndices \u00a0de atenci\u00f3n en el centro de triaje rondan los 350 y 300 pacientes diarios, y muchos de los pacientes hospitalizados, presentan su esquema de vacunaci\u00f3n completo. &hellip;<\/p>\n","protected":false},"author":0,"featured_media":20462,"comment_status":"open","ping_status":"open","sticky":false,"template":"","format":"standard","meta":{"_jetpack_memberships_contains_paid_content":false,"footnotes":""},"categories":[5],"tags":[],"class_list":["post-20461","post","type-post","status-publish","format-standard","has-post-thumbnail","","category-noticias"],"jetpack_sharing_enabled":true,"jetpack_featured_media_url":"http:\/\/mickyandoniehn.com\/radio\/wp-content\/uploads\/2022\/06\/5o4Dmu4L-AFUynT.jpeg","_links":{"self":[{"href":"http:\/\/mickyandoniehn.com\/radio\/wp-json\/wp\/v2\/posts\/20461","targetHints":{"allow":["GET"]}}],"collection":[{"href":"http:\/\/mickyandoniehn.com\/radio\/wp-json\/wp\/v2\/posts"}],"about":[{"href":"http:\/\/mickyandoniehn.com\/radio\/wp-json\/wp\/v2\/types\/post"}],"replies":[{"embeddable":true,"href":"http:\/\/mickyandoniehn.com\/radio\/wp-json\/wp\/v2\/comments?post=20461"}],"version-history":[{"count":0,"href":"http:\/\/mickyandoniehn.com\/radio\/wp-json\/wp\/v2\/posts\/20461\/revisions"}],"wp:featuredmedia":[{"embeddable":true,"href":"http:\/\/mickyandoniehn.com\/radio\/wp-json\/wp\/v2\/media\/20462"}],"wp:attachment":[{"href":"http:\/\/mickyandoniehn.com\/radio\/wp-json\/wp\/v2\/media?parent=20461"}],"wp:term":[{"taxonomy":"category","embeddable":true,"href":"http:\/\/mickyandoniehn.com\/radio\/wp-json\/wp\/v2\/categories?post=20461"},{"taxonomy":"post_tag","embeddable":true,"href":"http:\/\/mickyandoniehn.com\/radio\/wp-json\/wp\/v2\/tags?post=20461"}],"curies":[{"name":"wp","href":"https:\/\/api.w.org\/{rel}","templated":true}]}}