{"id":20459,"date":"2022-06-29T06:12:53","date_gmt":"2022-06-29T12:12:53","guid":{"rendered":"http:\/\/mickyandoniehn.com\/radio\/2022\/06\/29\/aseguran-hay-pruebas-que-angie-pena-sigue-viva-y-solicitaran-alerta-internacional\/"},"modified":"2022-06-29T06:12:53","modified_gmt":"2022-06-29T12:12:53","slug":"aseguran-hay-pruebas-que-angie-pena-sigue-viva-y-solicitaran-alerta-internacional","status":"publish","type":"post","link":"http:\/\/mickyandoniehn.com\/radio\/2022\/06\/29\/aseguran-hay-pruebas-que-angie-pena-sigue-viva-y-solicitaran-alerta-internacional\/","title":{"rendered":"Aseguran hay pruebas que Angie Pe\u00f1a sigue viva y solicitar\u00e1n alerta internacional"},"content":{"rendered":"<p><strong>Tegucigalpa,Honduras mi\u00e9rcoles 29 junio 2022<\/strong><\/p>\n<\/p>\n<p class=\"p1\"><span class=\"s2\">La Comisi\u00f3n Interinstitucional contra la Explotaci\u00f3n Sexual Comercial y Trata de Personas de Honduras (CICESCT), solicitar\u00e1 en los pr\u00f3ximos d\u00edas, no cerrar el caso de la hondure\u00f1a Angie Pe\u00f1a, desaparecida misteriosamente desde el 1 de enero en la zona insular del pa\u00eds.<\/span><\/p>\n<p class=\"p1\"><span class=\"s2\">En ese sentido, la titular de CICESCT, Sua Mart\u00ednez, pedir\u00e1 que se emita una alerta internacional porque asegura hay pruebas de que la joven est\u00e1 viva.<\/span><\/p>\n<p class=\"p1\"><span class=\"s2\">\u201cTenemos pruebas con la doctora Julissa Villanueva, subsecretaria de Seguridad y la madre de la joven Angie Pe\u00f1a que est\u00e1 viva y lo que se quiere es generar una alerta migratoria a Interpol para dar con su paradero\u201d, afirm\u00f3. <\/span><\/p>\n<p class=\"p1\"><span class=\"s2\">Asimismo, sostuvo que el proceso de alerta se comenzar\u00e1 a realizar de manera oficial la semana que viene con un radio de al menos 10 pa\u00edses, dado que el territorio hondure\u00f1o ha sido utilizado por varias d\u00e9cadas para acciones irregulares.<\/span><\/p>\n<p class=\"p1\"><span class=\"s2\">\u201cEs as\u00ed que se emitir\u00e1 con la familia de Angie una alerta para dar con el paradero de la joven, de la cual sus parientes mantienen la esperanza de encontrarla\u201d, coment\u00f3.<\/span><\/p>\n<p>Por su parte, el padre de la joven, Walter Pe\u00f1a, denunci\u00f3 que, pese a las investigaciones, la fiscal de Roat\u00e1n est\u00e1 impidiendo que se emitan requerimientos fiscales.<\/p>\n<p>\u201cNosotros como familia y con la ayuda de la subsecretaria de Seguridad, Julissa Villanueva, ya sabemos qui\u00e9nes son los que est\u00e1n operando con la trata de personas en Roat\u00e1n. Lastimosamente es la fiscal de Roat\u00e1n la que no quiere proceder en hacer su trabajo\u201d, manifest\u00f3 Pe\u00f1a.<\/p>\n<p>\u201cEl caso de mi hija no es caso \u00fanico, existen casos similares de j\u00f3venes que se han perdido de la misma forma, pero como el caso de mi hija fue medi\u00e1tico, pues han aparecido otros casos similares en las investigaciones que se han realizado\u201d, a\u00f1adi\u00f3.<\/p>\n<p class=\"p1\"><span class=\"s2\">La joven Angie Pe\u00f1a originaria de Tegucigalpa desapareci\u00f3 el 01 de enero tras realizar un paseo en una moto acu\u00e1tica en la playa de West Bay, en\u00a0Roat\u00e1n, Islas de la Bah\u00eda.<\/span><\/p>\n<p class=\"p1\"><span class=\"s2\">Desde aquel d\u00eda, las autoridades de seguridad comenzaron a realizar los\u00a0trabajos de b\u00fasquedas, sin tener hasta el momento pistas del lugar donde podr\u00eda estar.<\/span><\/p>\n<p class=\"p1\"><span class=\"s2\">Una de las hip\u00f3tesis m\u00e1s fuertes es que Pe\u00f1a sufri\u00f3 un accidente en el mar Caribe y que la moto acu\u00e1tica fue arrastrada hasta Belice por las corrientes de agua.<\/span><\/p>\n<p><strong>Fuente: La Tribuna<\/strong><\/p>\n","protected":false},"excerpt":{"rendered":"<p>Tegucigalpa,Honduras mi\u00e9rcoles 29 junio 2022 La Comisi\u00f3n Interinstitucional contra la Explotaci\u00f3n Sexual Comercial y Trata de Personas de Honduras (CICESCT), solicitar\u00e1 en los pr\u00f3ximos d\u00edas, no cerrar el caso de la hondure\u00f1a Angie Pe\u00f1a, desaparecida misteriosamente desde el 1 de enero en la zona insular del pa\u00eds. En ese sentido, la titular de CICESCT, Sua &hellip;<\/p>\n","protected":false},"author":0,"featured_media":20460,"comment_status":"open","ping_status":"open","sticky":false,"template":"","format":"standard","meta":{"_jetpack_memberships_contains_paid_content":false,"footnotes":""},"categories":[5],"tags":[],"class_list":["post-20459","post","type-post","status-publish","format-standard","has-post-thumbnail","","category-noticias"],"jetpack_sharing_enabled":true,"jetpack_featured_media_url":"http:\/\/mickyandoniehn.com\/radio\/wp-content\/uploads\/2022\/06\/Angie-Pena-xhkhIo.jpeg","_links":{"self":[{"href":"http:\/\/mickyandoniehn.com\/radio\/wp-json\/wp\/v2\/posts\/20459","targetHints":{"allow":["GET"]}}],"collection":[{"href":"http:\/\/mickyandoniehn.com\/radio\/wp-json\/wp\/v2\/posts"}],"about":[{"href":"http:\/\/mickyandoniehn.com\/radio\/wp-json\/wp\/v2\/types\/post"}],"replies":[{"embeddable":true,"href":"http:\/\/mickyandoniehn.com\/radio\/wp-json\/wp\/v2\/comments?post=20459"}],"version-history":[{"count":0,"href":"http:\/\/mickyandoniehn.com\/radio\/wp-json\/wp\/v2\/posts\/20459\/revisions"}],"wp:featuredmedia":[{"embeddable":true,"href":"http:\/\/mickyandoniehn.com\/radio\/wp-json\/wp\/v2\/media\/20460"}],"wp:attachment":[{"href":"http:\/\/mickyandoniehn.com\/radio\/wp-json\/wp\/v2\/media?parent=20459"}],"wp:term":[{"taxonomy":"category","embeddable":true,"href":"http:\/\/mickyandoniehn.com\/radio\/wp-json\/wp\/v2\/categories?post=20459"},{"taxonomy":"post_tag","embeddable":true,"href":"http:\/\/mickyandoniehn.com\/radio\/wp-json\/wp\/v2\/tags?post=20459"}],"curies":[{"name":"wp","href":"https:\/\/api.w.org\/{rel}","templated":true}]}}