{"id":20457,"date":"2022-06-29T06:12:53","date_gmt":"2022-06-29T12:12:53","guid":{"rendered":"http:\/\/mickyandoniehn.com\/radio\/2022\/06\/29\/dudamel-dirigira-en-espana-la-flauta-magica-por-vez-primera-en-su-carrera\/"},"modified":"2022-06-29T06:12:53","modified_gmt":"2022-06-29T12:12:53","slug":"dudamel-dirigira-en-espana-la-flauta-magica-por-vez-primera-en-su-carrera","status":"publish","type":"post","link":"http:\/\/mickyandoniehn.com\/radio\/2022\/06\/29\/dudamel-dirigira-en-espana-la-flauta-magica-por-vez-primera-en-su-carrera\/","title":{"rendered":"Dudamel dirigir\u00e1 en Espa\u00f1a \u00abLa flauta m\u00e1gica\u00bb por vez primera en su carrera"},"content":{"rendered":"<p><strong>Tegucigalpa,Honduras mi\u00e9rcoles 29 junio 2022<\/strong><\/p>\n<\/p>\n<p>A los 41 a\u00f1os, en una etapa de \u00abprincipio de madurez\u00bb, que tiene que ver con la edad y con lo que est\u00e1 viviendo en Par\u00eds, el director de orquesta venezolano Gustavo Dudamel ha aceptado el reto de dirigir \u00abLa flauta m\u00e1gica\u00bb, de Mozart, en la \u00f3pera de Barcelona (noreste espa\u00f1ol).<\/p>\n<p>Dudamel considera un privilegio, adem\u00e1s de un placer, regresar al Gran Teatre del Liceu de Barcelona, entre el 20 de junio y el 2 de julio, para debutar mundialmente con este emblem\u00e1tico t\u00edtulo del compositor austriaco, en un montaje del brit\u00e1nico David McVicar.<\/p>\n<p>La obra ser\u00e1 interpretada por el tenor mexicano Javier Camarena, que debutar\u00e1 en el papel de Tamino, y la soprano brit\u00e1nica Lucy Crowe (Pamina), con el el director chileno Paolo Bortolameolli, que tomar\u00e1 la batuta el 27 de junio y el 1 de julio, y el core\u00f3grafo italiano Angelo Smimmo.<\/p>\n<p>Adem\u00e1s, en una aclamada producci\u00f3n estrenada en Londres en 2003, en la que se combina el simbolismo de la obra con las formas del cuento de hadas, con animales danzantes, m\u00e1quinas voladoras y cielos estrellados.<\/p>\n<p>Si uno de sus maestros, el italiano Claudio Abbado, esper\u00f3 casi al final de su vida para dirigir \u00abLa flauta m\u00e1gica\u00bb, cree Dudamel que \u00ablos tiempos de esperar para hacer una obra dependen de la l\u00ednea vital art\u00edstica que uno lleve\u00bb, seg\u00fan dijo hoy en una comparecencia ante la prensa.<\/p>\n<p>\u00abYo no estoy al final de mi vida, sino en una etapa de principio de madurez que tiene que ver con la edad y con lo que estoy viviendo en Par\u00eds. Antes no hubiera aceptado un reto as\u00ed y despu\u00e9s, tampoco\u00bb, proclam\u00f3 Dudamel, director de la \u00d3pera de Par\u00eds.<\/p>\n<p>Sin embargo, dej\u00f3 claro que Mozart le acompa\u00f1a \u00abdesde siempre\u00bb y record\u00f3 aquellos d\u00edas en los que, siendo adolescente, se plantaba ante Jos\u00e9 Antonio Abreu, su entonces maestro, para comentarle que estaba triste, y \u00e9l le respond\u00eda que escuchara a Mozart.<\/p>\n<p>\u00abSiempre me acompa\u00f1a en las ma\u00f1anas, no solo en las m\u00e1s tristes, tambi\u00e9n en las m\u00e1s complejas, porque siempre me produce emoci\u00f3n y alegr\u00eda, eleva mi esp\u00edritu\u00bb, admiti\u00f3 Dudamel.<\/p>\n<p>A su lado, Paolo Bortolameolli asent\u00eda y tambi\u00e9n mostraba felicidad por poder debutar en Barcelona, \u00abtremendamente agradecido de formar parte de este proceso maravilloso\u00bb con una \u00f3pera \u00abperfecta\u00bb.<\/p>\n<p>Por su parte, Camarena confes\u00f3 que nunca imagin\u00f3 que acabar\u00eda convertido en Tamino, cantando en alem\u00e1n, en una obra \u00abespectacular\u00bb, con un personaje que \u00abdemanda una proyecci\u00f3n vocal diferente\u00bb.<\/p>\n<p>Crowe indic\u00f3 que su personaje ejemplifica \u00abel bien, la verdad, la pureza, que son elementos dif\u00edciles de representar, as\u00ed como la belleza\u00bb.<\/p>\n<p><strong>Fuente: La Tribuna<\/strong><\/p>\n","protected":false},"excerpt":{"rendered":"<p>Tegucigalpa,Honduras mi\u00e9rcoles 29 junio 2022 A los 41 a\u00f1os, en una etapa de \u00abprincipio de madurez\u00bb, que tiene que ver con la edad y con lo que est\u00e1 viviendo en Par\u00eds, el director de orquesta venezolano Gustavo Dudamel ha aceptado el reto de dirigir \u00abLa flauta m\u00e1gica\u00bb, de Mozart, en la \u00f3pera de Barcelona (noreste &hellip;<\/p>\n","protected":false},"author":0,"featured_media":20458,"comment_status":"open","ping_status":"open","sticky":false,"template":"","format":"standard","meta":{"_jetpack_memberships_contains_paid_content":false,"footnotes":""},"categories":[5],"tags":[],"class_list":["post-20457","post","type-post","status-publish","format-standard","has-post-thumbnail","","category-noticias"],"jetpack_sharing_enabled":true,"jetpack_featured_media_url":"http:\/\/mickyandoniehn.com\/radio\/wp-content\/uploads\/2022\/06\/Gustavo-Dudamel-696x525-1-lfJ33z.jpeg","_links":{"self":[{"href":"http:\/\/mickyandoniehn.com\/radio\/wp-json\/wp\/v2\/posts\/20457","targetHints":{"allow":["GET"]}}],"collection":[{"href":"http:\/\/mickyandoniehn.com\/radio\/wp-json\/wp\/v2\/posts"}],"about":[{"href":"http:\/\/mickyandoniehn.com\/radio\/wp-json\/wp\/v2\/types\/post"}],"replies":[{"embeddable":true,"href":"http:\/\/mickyandoniehn.com\/radio\/wp-json\/wp\/v2\/comments?post=20457"}],"version-history":[{"count":0,"href":"http:\/\/mickyandoniehn.com\/radio\/wp-json\/wp\/v2\/posts\/20457\/revisions"}],"wp:featuredmedia":[{"embeddable":true,"href":"http:\/\/mickyandoniehn.com\/radio\/wp-json\/wp\/v2\/media\/20458"}],"wp:attachment":[{"href":"http:\/\/mickyandoniehn.com\/radio\/wp-json\/wp\/v2\/media?parent=20457"}],"wp:term":[{"taxonomy":"category","embeddable":true,"href":"http:\/\/mickyandoniehn.com\/radio\/wp-json\/wp\/v2\/categories?post=20457"},{"taxonomy":"post_tag","embeddable":true,"href":"http:\/\/mickyandoniehn.com\/radio\/wp-json\/wp\/v2\/tags?post=20457"}],"curies":[{"name":"wp","href":"https:\/\/api.w.org\/{rel}","templated":true}]}}