{"id":17662,"date":"2022-05-28T07:13:44","date_gmt":"2022-05-28T13:13:44","guid":{"rendered":"http:\/\/mickyandoniehn.com\/radio\/2022\/05\/28\/28-de-mayo-dia-internacional-de-la-accion-por-la-salud-de-las-mujeres\/"},"modified":"2022-05-28T07:13:44","modified_gmt":"2022-05-28T13:13:44","slug":"28-de-mayo-dia-internacional-de-la-accion-por-la-salud-de-las-mujeres","status":"publish","type":"post","link":"http:\/\/mickyandoniehn.com\/radio\/2022\/05\/28\/28-de-mayo-dia-internacional-de-la-accion-por-la-salud-de-las-mujeres\/","title":{"rendered":"28 de Mayo, D\u00eda Internacional de la Acci\u00f3n por la Salud de las Mujeres"},"content":{"rendered":"<p><strong>Logros relevantes para las mujeres, de la Bogot\u00e1 Humana<\/strong><br \/>\nLa mortalidad materna es un indicador trazador de la inequidad de g\u00e9nero, y la ciudad obtuvo la reducci\u00f3n m\u00e1s importante en Colombia en las \u00faltimas d\u00e9cadas, pasando de 114 casos en el 2000 a 24 casos en el 2013. Fuente: DANE, Estad\u00edsticas Vitales, Secretar\u00eda Distrital de Salud, c\u00e1lculos del Observatorio de Mujeres y Equidad de G\u00e9nero De Bogot\u00e1 \u2013 Sdmujer.<\/p>\n<div>Reducci\u00f3n en un 26% el n\u00famero de nacimiento en mujeres adolescentes\u00a0 de 10 a 14 a\u00f1os de edad desde el a\u00f1os 2009 al 2014, y en un 13% los nacimientos en mujeres j\u00f3venes entre 15 a 19 a\u00f1os, para el mismo cuatrienio<strong>.\u00a0\u00a0<\/strong>Fuente: Estad\u00edsticas Vitales Base Nacido Vivo Aplicativo Web Ruaf Nd; Datos Preliminares. C\u00e1lculos Observatorio De Mujeres y Equidad De G\u00e9nero De Bogot\u00e1 \u2013 Sdmujer.<\/div>\n<div>\n<p>Las mujeres de la ciudad, est\u00e1n satisfechas con su salud en un 50%, menor en relaci\u00f3n a los hombres con un 55%.\u00a0 Encuesta Bienal de Culturas 2013, realizada entre la Secretar\u00eda de Cultura, Recreaci\u00f3n y Deporte, La Secretar\u00eda Distrital de Educaci\u00f3n, La Secretar\u00eda Distrital de la Mujer y la Universidad Distrital Francisco Jos\u00e9 de Caldas.<\/p>\n<\/div>\n<div>Con el lema \u201cVive Tu Cuerpo, Conoce tus Derechos\u201d la Secretar\u00eda Distrital de la Mujer se suma al 28 de mayo, d\u00eda de la Acci\u00f3n por la Salud de la Mujeres, que se conmemora desde hace m\u00e1s de dos d\u00e9cadas como resultado del V\u00a0 Encuentro Internacional Mujer y Salud de Costa Rica, realizado en 1987, en el cual las redes, colectivos y organizaciones de mujeres expertas en salud acordaron su conmemoraci\u00f3n. Las Naciones Unidas en importantes instrumentos internacionales instan a los Estados a implementar acciones integrales para crear conciencia sobre las distintas discriminaciones que afectan a las mujeres en nuestras sociedades y el grave impacto que esto genera en su salud.<\/div>\n<div><\/div>\n<div>La Secretar\u00eda Distrital de la Mujer, posiciona como una apuesta de la Bogot\u00e1 Humana, el reconocimiento del cuerpo de las mujeres como territorio de derechos y de expresi\u00f3n de autonom\u00eda, libertad y dignidad; invita a las ciudadanas a denunciar las imposiciones que sobre \u00e9l se ejercen; y exhortar a la sociedad en su conjunto a realizar procesos cotidianos de cuidado y promoci\u00f3n de la salud de las mujeres que habitan la ciudad.<\/div>\n<div><\/div>\n<div>El derecho a la salud plena implica reconocer las diversas ciudadan\u00edas corporales de las mujeres para su vivencia, en las mejores condiciones sanitarias para la promoci\u00f3n de la salud; garantizando el acceso, oportunidad, calidad y financiaci\u00f3n en todos los niveles de atenci\u00f3n a los servicios de salud y seguridad social; la promoci\u00f3n del conocimiento de sus derechos, la participaci\u00f3n informada, en la toma de decisiones. As\u00ed como el reconocimiento al valor y el aporte\u00a0 de las mujeres en el cuidado de la salud, con el prop\u00f3sito evitar las desigualdades injustas.<\/div>\n<div><\/div>\n<div>\n<p>Son parte consustancial de este derecho: la opci\u00f3n libre a la maternidad, la interrupci\u00f3n voluntaria del embarazo en el marco de la sentencia C-355 de 2006, y lo concerniente a su sexualidad, la atenci\u00f3n integral para disfrutar de una salud mental libre de medicalizaci\u00f3n y patologizaci\u00f3n, a la alimentaci\u00f3n adecuada, a espacios de esparcimiento y ocio, a la actividad f\u00edsica, a la detecci\u00f3n temprana de enfermedades y a diagn\u00f3sticos diferenciales y tratamientos integrales y adecuados, libres de sexismo.<\/p>\n<\/div>\n<div>Para conmemorar esta jornada la SDMujer invita a las diferentes jornadas locales que se van a realizar en toda la ciudad en el marco de la Acci\u00f3n por la Salud de las Mujeres<\/div>\n<div><strong>Fuentes:sdmujer.gov.co<\/strong><\/div>\n","protected":false},"excerpt":{"rendered":"<p>Logros relevantes para las mujeres, de la Bogot\u00e1 Humana La mortalidad materna es un indicador trazador de la inequidad de g\u00e9nero, y la ciudad obtuvo la reducci\u00f3n m\u00e1s importante en Colombia en las \u00faltimas d\u00e9cadas, pasando de 114 casos en el 2000 a 24 casos en el 2013. Fuente: DANE, Estad\u00edsticas Vitales, Secretar\u00eda Distrital de &hellip;<\/p>\n","protected":false},"author":0,"featured_media":17663,"comment_status":"open","ping_status":"open","sticky":false,"template":"","format":"standard","meta":{"_jetpack_memberships_contains_paid_content":false,"footnotes":""},"categories":[5],"tags":[],"class_list":["post-17662","post","type-post","status-publish","format-standard","has-post-thumbnail","","category-noticias"],"jetpack_sharing_enabled":true,"jetpack_featured_media_url":"http:\/\/mickyandoniehn.com\/radio\/wp-content\/uploads\/2022\/05\/28-de-mayo-2014-uK08eS.jpeg","_links":{"self":[{"href":"http:\/\/mickyandoniehn.com\/radio\/wp-json\/wp\/v2\/posts\/17662","targetHints":{"allow":["GET"]}}],"collection":[{"href":"http:\/\/mickyandoniehn.com\/radio\/wp-json\/wp\/v2\/posts"}],"about":[{"href":"http:\/\/mickyandoniehn.com\/radio\/wp-json\/wp\/v2\/types\/post"}],"replies":[{"embeddable":true,"href":"http:\/\/mickyandoniehn.com\/radio\/wp-json\/wp\/v2\/comments?post=17662"}],"version-history":[{"count":0,"href":"http:\/\/mickyandoniehn.com\/radio\/wp-json\/wp\/v2\/posts\/17662\/revisions"}],"wp:featuredmedia":[{"embeddable":true,"href":"http:\/\/mickyandoniehn.com\/radio\/wp-json\/wp\/v2\/media\/17663"}],"wp:attachment":[{"href":"http:\/\/mickyandoniehn.com\/radio\/wp-json\/wp\/v2\/media?parent=17662"}],"wp:term":[{"taxonomy":"category","embeddable":true,"href":"http:\/\/mickyandoniehn.com\/radio\/wp-json\/wp\/v2\/categories?post=17662"},{"taxonomy":"post_tag","embeddable":true,"href":"http:\/\/mickyandoniehn.com\/radio\/wp-json\/wp\/v2\/tags?post=17662"}],"curies":[{"name":"wp","href":"https:\/\/api.w.org\/{rel}","templated":true}]}}