{"id":17656,"date":"2022-05-28T07:13:43","date_gmt":"2022-05-28T13:13:43","guid":{"rendered":"http:\/\/mickyandoniehn.com\/radio\/2022\/05\/28\/pueblo-garifuna-se-opone-rotundamente-a-explotacion-minera-en-zona-de-irina-colon\/"},"modified":"2022-05-28T07:13:43","modified_gmt":"2022-05-28T13:13:43","slug":"pueblo-garifuna-se-opone-rotundamente-a-explotacion-minera-en-zona-de-irina-colon","status":"publish","type":"post","link":"http:\/\/mickyandoniehn.com\/radio\/2022\/05\/28\/pueblo-garifuna-se-opone-rotundamente-a-explotacion-minera-en-zona-de-irina-colon\/","title":{"rendered":"Pueblo Gar\u00edfuna se opone rotundamente a explotaci\u00f3n minera en zona de Irina, Col\u00f3n"},"content":{"rendered":"<p><strong>Tegucigalpa,Honduras s\u00e1bado 28 mayo 2022<\/strong><\/p>\n<\/p>\n<p>El pueblo Gar\u00edfuna de la zona de Iriona, Col\u00f3n, manifest\u00f3 una contundente oposici\u00f3n sobre la explotaci\u00f3n minera en la regi\u00f3n, ya que Honduras es uno de los pa\u00edses m\u00e1s vulnerables ante la crisis clim\u00e1tica.<\/p>\n<p>La principal consigna es -No a la miner\u00eda, s\u00ed a la vida- anota el escrito emitido por la Federaci\u00f3n de Patronatos y La Comisi\u00f3n para el Desarrollo de las comunidades Gar\u00edfunas del municipio de Iriona, del departamento de Col\u00f3n.<\/p>\n<p>El principal reclamo es por la pretensi\u00f3n de La Asociaci\u00f3n de Mineros de Colon (AMC) de lograr su legalizaci\u00f3n a trav\u00e9s de falsas interpretaciones al convenio 169 de la OIT y de la herramienta de Consulta Previa, Libre e Informada para seguir explotando los recursos mineros en el valle de Sico Paulaya.<\/p>\n<p>En ese sentido el pueblo Gar\u00edfuna, se pronuncia en total desacuerdo en la explotaci\u00f3n minera y recuerda que, seg\u00fan la OIT, la Consulta Previa, Libre e Informada, solo puede ser realizada \u00fanica y exclusivamente cuando el asunto consultado ata\u00f1e o afecta a sus pueblos.<\/p>\n<p>De igual forma los pueblos gar\u00edfunas desmienten haber sido autorizados por las asambleas para firmar Convenios para la explotaci\u00f3n de minas.<\/p>\n<p>Los pueblos Garifunas recuerdan en su pronunciamiento que la presidenta Iris Xiomara Castro ha cancelado todo tipo de permisos para la explotaci\u00f3n de la miner\u00eda en todo el territorio nacional.<\/p>\n<p><strong>Fuente: La Tribuna<\/strong><\/p>\n","protected":false},"excerpt":{"rendered":"<p>Tegucigalpa,Honduras s\u00e1bado 28 mayo 2022 El pueblo Gar\u00edfuna de la zona de Iriona, Col\u00f3n, manifest\u00f3 una contundente oposici\u00f3n sobre la explotaci\u00f3n minera en la regi\u00f3n, ya que Honduras es uno de los pa\u00edses m\u00e1s vulnerables ante la crisis clim\u00e1tica. La principal consigna es -No a la miner\u00eda, s\u00ed a la vida- anota el escrito emitido &hellip;<\/p>\n","protected":false},"author":0,"featured_media":17657,"comment_status":"open","ping_status":"open","sticky":false,"template":"","format":"standard","meta":{"_jetpack_memberships_contains_paid_content":false,"footnotes":""},"categories":[5],"tags":[],"class_list":["post-17656","post","type-post","status-publish","format-standard","has-post-thumbnail","","category-noticias"],"jetpack_sharing_enabled":true,"jetpack_featured_media_url":"http:\/\/mickyandoniehn.com\/radio\/wp-content\/uploads\/2022\/05\/mineria-2u6g4r.jpeg","_links":{"self":[{"href":"http:\/\/mickyandoniehn.com\/radio\/wp-json\/wp\/v2\/posts\/17656","targetHints":{"allow":["GET"]}}],"collection":[{"href":"http:\/\/mickyandoniehn.com\/radio\/wp-json\/wp\/v2\/posts"}],"about":[{"href":"http:\/\/mickyandoniehn.com\/radio\/wp-json\/wp\/v2\/types\/post"}],"replies":[{"embeddable":true,"href":"http:\/\/mickyandoniehn.com\/radio\/wp-json\/wp\/v2\/comments?post=17656"}],"version-history":[{"count":0,"href":"http:\/\/mickyandoniehn.com\/radio\/wp-json\/wp\/v2\/posts\/17656\/revisions"}],"wp:featuredmedia":[{"embeddable":true,"href":"http:\/\/mickyandoniehn.com\/radio\/wp-json\/wp\/v2\/media\/17657"}],"wp:attachment":[{"href":"http:\/\/mickyandoniehn.com\/radio\/wp-json\/wp\/v2\/media?parent=17656"}],"wp:term":[{"taxonomy":"category","embeddable":true,"href":"http:\/\/mickyandoniehn.com\/radio\/wp-json\/wp\/v2\/categories?post=17656"},{"taxonomy":"post_tag","embeddable":true,"href":"http:\/\/mickyandoniehn.com\/radio\/wp-json\/wp\/v2\/tags?post=17656"}],"curies":[{"name":"wp","href":"https:\/\/api.w.org\/{rel}","templated":true}]}}