{"id":16168,"date":"2022-05-13T08:14:08","date_gmt":"2022-05-13T14:14:08","guid":{"rendered":"http:\/\/mickyandoniehn.com\/radio\/2022\/05\/13\/alrededor-de-3-3-millones-de-hondurenos-enfrentan-problemas-de-empleo-cohep\/"},"modified":"2022-05-13T08:14:08","modified_gmt":"2022-05-13T14:14:08","slug":"alrededor-de-3-3-millones-de-hondurenos-enfrentan-problemas-de-empleo-cohep","status":"publish","type":"post","link":"http:\/\/mickyandoniehn.com\/radio\/2022\/05\/13\/alrededor-de-3-3-millones-de-hondurenos-enfrentan-problemas-de-empleo-cohep\/","title":{"rendered":"Alrededor de 3.3 millones de hondure\u00f1os enfrentan problemas de empleo: Cohep"},"content":{"rendered":"<p><strong>Tegucigalpa,Honduras viernes 13 mayo 2022<\/strong><\/p>\n<\/p>\n<p>El Consejo Hondure\u00f1o de la Empresa Privada (Cohep), inform\u00f3 que en 2021 la cifra de hondure\u00f1os con problemas de empleo alcanza m\u00e1s de 3.3 millones.<\/p>\n<p>Seg\u00fan el bolet\u00edn laboral de la iniciativa privada sobre la elevada ocupaci\u00f3n e informalidad laboral, del total, 348 mil est\u00e1n desocupadas, 2 millones 468 mil 551 personas subempleadas y 491 mil 991 desalentadas y potencialmente activos.<\/p>\n<p>Al respecto, economista del Cohep, Alejandro Kaffati, indic\u00f3 que en total \u201choy tenemos 11 por ciento m\u00e1s problemas de empleo que en 2019 cuando est\u00e1bamos en prepandemia\u201d.<\/p>\n<p>La fuente refiri\u00f3 que la tasa de desempleo \u00fanicamente es la punta del iceberg denominado problemas de empleo.<\/p>\n<p>Por rango de edades, los j\u00f3venes entre 15 y 29 a\u00f1os son los que presentan la tasa de desempleo m\u00e1s alta, incluso m\u00e1s alta que el desempleo general del pa\u00eds, se detall\u00f3.<\/p>\n<p>\u201cEs 1.5 veces m\u00e1s alta que la tasa de desempleo general del pa\u00eds. Siguen siendo los j\u00f3venes los m\u00e1s afectados con los temas laborales e inserci\u00f3n laboral en el pa\u00eds, seguido de los adultos mayores entre 30 y 59 a\u00f1os\u201d, se\u00f1al\u00f3 Kaffati.<\/p>\n<p>Por otro lado, el 7 por ciento de las personas en edad de trabajar se encuentran desalentados en Honduras.<\/p>\n<p>\u201cSi bien en cierto tuvimos en 2021 una reducci\u00f3n comparada en 2022 estamos casi cuatro veces por encima de niveles desalentados que ten\u00edamos 2019\u201d, desglos\u00f3.<\/p>\n<p>\u00a0<\/p>\n<p><a href=\"https:\/\/hondudiario.com\/wp-content\/uploads\/2021\/06\/WhatsApp-Image-2021-06-04-at-5.11.06-PM.jpeg\">\u201cEs una fuente entonces de migraci\u00f3n importante para el pa\u00eds que hay que atender y darle una soluci\u00f3n pronta\u201d, inst\u00f3.<\/a><\/p>\n<p><a href=\"https:\/\/hondudiario.com\/wp-content\/uploads\/2021\/06\/WhatsApp-Image-2021-06-04-at-5.11.06-PM.jpeg\">Alrededor de 1.8 millones de hondure\u00f1os han ca\u00eddo en condici\u00f3n de pobreza relativa o extrema pobreza desde el inicio de la pandemia en 2020, de acuerdo al Cohep.<\/a><\/p>\n<p><a href=\"https:\/\/hondudiario.com\/wp-content\/uploads\/2021\/06\/WhatsApp-Image-2021-06-04-at-5.11.06-PM.jpeg\">Kaffati ahond\u00f3 en que para el 2021 solo el 23 por ciento de las personas ocupadas cuentan con seguridad social en el pa\u00eds centroamericano, es decir, siete de cada diez personas empleadas est\u00e1n bajo la informalidad.<\/a><\/p>\n<p><a href=\"https:\/\/hondudiario.com\/wp-content\/uploads\/2021\/06\/WhatsApp-Image-2021-06-04-at-5.11.06-PM.jpeg\">Por su parte, el gerente de pol\u00edtica econ\u00f3mica del Consejo Hondure\u00f1o de la Empresa Privada\u00a0(Cohep),\u00a0Santiago Herrera, precis\u00f3 que la tasa de desempleo en el pa\u00eds alcanza el 8.6 por ciento.<\/a><\/p>\n<p>\u00a0<\/p>\n<p><strong>Fuente: La Tribuna<\/strong><\/p>\n","protected":false},"excerpt":{"rendered":"<p>Tegucigalpa,Honduras viernes 13 mayo 2022 El Consejo Hondure\u00f1o de la Empresa Privada (Cohep), inform\u00f3 que en 2021 la cifra de hondure\u00f1os con problemas de empleo alcanza m\u00e1s de 3.3 millones. Seg\u00fan el bolet\u00edn laboral de la iniciativa privada sobre la elevada ocupaci\u00f3n e informalidad laboral, del total, 348 mil est\u00e1n desocupadas, 2 millones 468 mil &hellip;<\/p>\n","protected":false},"author":0,"featured_media":16169,"comment_status":"open","ping_status":"open","sticky":false,"template":"","format":"standard","meta":{"_jetpack_memberships_contains_paid_content":false,"footnotes":""},"categories":[5],"tags":[],"class_list":["post-16168","post","type-post","status-publish","format-standard","has-post-thumbnail","","category-noticias"],"jetpack_sharing_enabled":true,"jetpack_featured_media_url":"http:\/\/mickyandoniehn.com\/radio\/wp-content\/uploads\/2022\/05\/WhatsApp-Image-2021-06-04-at-5.11.06-PM-300x200-1-8bWSia.jpeg","_links":{"self":[{"href":"http:\/\/mickyandoniehn.com\/radio\/wp-json\/wp\/v2\/posts\/16168","targetHints":{"allow":["GET"]}}],"collection":[{"href":"http:\/\/mickyandoniehn.com\/radio\/wp-json\/wp\/v2\/posts"}],"about":[{"href":"http:\/\/mickyandoniehn.com\/radio\/wp-json\/wp\/v2\/types\/post"}],"replies":[{"embeddable":true,"href":"http:\/\/mickyandoniehn.com\/radio\/wp-json\/wp\/v2\/comments?post=16168"}],"version-history":[{"count":0,"href":"http:\/\/mickyandoniehn.com\/radio\/wp-json\/wp\/v2\/posts\/16168\/revisions"}],"wp:featuredmedia":[{"embeddable":true,"href":"http:\/\/mickyandoniehn.com\/radio\/wp-json\/wp\/v2\/media\/16169"}],"wp:attachment":[{"href":"http:\/\/mickyandoniehn.com\/radio\/wp-json\/wp\/v2\/media?parent=16168"}],"wp:term":[{"taxonomy":"category","embeddable":true,"href":"http:\/\/mickyandoniehn.com\/radio\/wp-json\/wp\/v2\/categories?post=16168"},{"taxonomy":"post_tag","embeddable":true,"href":"http:\/\/mickyandoniehn.com\/radio\/wp-json\/wp\/v2\/tags?post=16168"}],"curies":[{"name":"wp","href":"https:\/\/api.w.org\/{rel}","templated":true}]}}