{"id":16143,"date":"2022-05-13T07:13:13","date_gmt":"2022-05-13T13:13:13","guid":{"rendered":"http:\/\/mickyandoniehn.com\/radio\/2022\/05\/13\/victoria-yoro-celebra-este-15-de-mayo-su-feria-patronal-en-honor-a-san-isidro\/"},"modified":"2022-05-13T07:13:13","modified_gmt":"2022-05-13T13:13:13","slug":"victoria-yoro-celebra-este-15-de-mayo-su-feria-patronal-en-honor-a-san-isidro","status":"publish","type":"post","link":"http:\/\/mickyandoniehn.com\/radio\/2022\/05\/13\/victoria-yoro-celebra-este-15-de-mayo-su-feria-patronal-en-honor-a-san-isidro\/","title":{"rendered":"Victoria, Yoro celebra este 15 de mayo su feria patronal en honor a San Isidro"},"content":{"rendered":"<\/p>\n<p>El municipio d Victoria celebra este 15 de mayo su feria patronal y te invita a celebrar juntos en honor a su santo patr\u00f3n San Isidro, ven y participa en sus actor religiosos, culturales y c\u00edvicos.<\/p>\n<p>Victoria es una municipalidad en el sur del departamento de Yoro en Honduras.<\/p>\n<p>En la Divisi\u00f3n Pol\u00edtica Territorial de 1896 aparec\u00eda con el nombre de \u00abaldea Morillos\u00bb perteneciente al municipio de Sulaco; en 1902 con el siguiente acuerdo se cre\u00f3 el municipio de\u00a0Morillos, que m\u00e1s tarde cambi\u00f3 el nombre por el de Victoria.\u200b fecha de fundaci\u00f3n con el nombre de Victoria un 2 de septiembre.<\/p>\n<h3>\u00a0<\/h3>\n<h3><strong>Isidro Labrador<\/strong><\/h3>\n<p>San Isidro Labrador (Madrid, c. 1082-ib\u00eddem, 30 de noviembre de 1172)\u200b nacido en el Mayrit musulm\u00e1n fue un labrador moz\u00e1rabe que estuvo posiblemente al servicio de la familia Vargas y de otros tantos se\u00f1ores terratenientes como Francisco Vera. Su trabajo como jornalero m\u00e1s mencionado por los bi\u00f3grafos es a cargo de Juan de Vargas, y se realiz\u00f3 principalmente en el \u00e1rea de Madrid y alrededores. Se conocen algunos detalles de su vida por las alabanzas que indica un c\u00f3dice encontrado en la Iglesia de San Andr\u00e9s en 1504 (denominado como C\u00f3dice de San Isidro y escrito a finales del siglo XII) y donde se denomina Ysidorus Agricola. En este documento se menciona que est\u00e1 casado, con un hijo y proporciona referencia de solo cinco milagros, siendo los dem\u00e1s a\u00f1adidos posteriormente procedentes de la tradici\u00f3n oral durante su proceso de beatificaci\u00f3n por varios hagi\u00f3grafos. Pese a que a\u00fan no estuviese santificado, los madrile\u00f1os le rend\u00edan un culto desde el siglo XII que iba increment\u00e1ndose r\u00e1pidamente en siglos posteriores. Por ello, las autoridades eclesi\u00e1sticas, municipales, la aristocracia madrile\u00f1a y la corona real espa\u00f1ola lideraron su proceso de canonizaci\u00f3n en el siglo XVI.<\/p>\n<p>Entre los estudiosos de su vida se encuentran: Alonso de Villegas,Jaume Bleda,5\u200b6\u200b Jer\u00f3nimo de la Quintana, L\u00f3pez de Hoyos, Juan de Ferreras y el mismo poeta madrile\u00f1o Lope de Vega en un poema hagiogr\u00e1fico titulado Isidro (Madrid, 1599).\u200b La narraci\u00f3n de los milagros puede diferir unos de otros, y se encuentra influenciada por la tradici\u00f3n oral popular. San Isidro es el primer laico casado llevado a los altares tras un proceso de canonizaci\u00f3n instruido por la Congregaci\u00f3n de Ritos. Los promotores de esta canonizaci\u00f3n fueron varios personajes del siglo XVI, incluida la familia Vargas y la casa real de los Austrias. El 14 de marzo del a\u00f1o 1622 fue finalmente canonizado por el papa Gregorio XV, y en 1960 el papa Juan XXIII le declara mediante bula como santo patr\u00f3n de los agricultores espa\u00f1oles. Su cuerpo es empleado en procesiones del siglo XV para hacer rogativas por la lluvia en Madrid, su popularidad se extiende posteriormente. Isidro labrador fue un santo zahor\u00ed, pocero, taumat\u00fargico y hacedor de lluvias. Hombre sencillo y bienhechor de los pobres empez\u00f3 a ser venerado por el pueblo de Madrid unos cuarenta a\u00f1os despu\u00e9s de su fallecimiento.<\/p>\n<p>La canonizaci\u00f3n llev\u00f3 a una labor de asiento documental de parte de las dudas existentes sobre la vida de San Isidro, e institucionaliz\u00f3 una gran porci\u00f3n de la tradici\u00f3n oral de siglos anteriores. Fray Domingo de Mendoza, comisario nombrado por Felipe II para la canonizaci\u00f3n, se sospecha tuvo inventiva a la hora de reconstruir la biograf\u00eda del Santo que ha llegado hasta nuestros d\u00edas.\u200b Se menciona en el c\u00f3dice que Isidro Labrador estaba casado y ten\u00eda un hijo. La tradici\u00f3n popular, y algunos autores, fija el lugar donde conoci\u00f3 a su esposa en la localidad de Torrelaguna. Los patronazgos que representa en diversas ciudades del mundo, as\u00ed como las festividades que se celebran su el d\u00eda 15 de mayo, por ser el d\u00eda en el que parece ser que su cuerpo incorrupto se traslad\u00f3 a la Iglesia de San Andr\u00e9s.<\/p>\n<p>\u00a0<\/p>\n","protected":false},"excerpt":{"rendered":"<p>El municipio d Victoria celebra este 15 de mayo su feria patronal y te invita a celebrar juntos en honor a su santo patr\u00f3n San Isidro, ven y participa en sus actor religiosos, culturales y c\u00edvicos. Victoria es una municipalidad en el sur del departamento de Yoro en Honduras. En la Divisi\u00f3n Pol\u00edtica Territorial de &hellip;<\/p>\n","protected":false},"author":0,"featured_media":16144,"comment_status":"open","ping_status":"open","sticky":false,"template":"","format":"standard","meta":{"_jetpack_memberships_contains_paid_content":false,"footnotes":""},"categories":[5],"tags":[],"class_list":["post-16143","post","type-post","status-publish","format-standard","has-post-thumbnail","","category-noticias"],"jetpack_sharing_enabled":true,"jetpack_featured_media_url":"http:\/\/mickyandoniehn.com\/radio\/wp-content\/uploads\/2022\/05\/victoria-yoro-sOVWHn.jpeg","_links":{"self":[{"href":"http:\/\/mickyandoniehn.com\/radio\/wp-json\/wp\/v2\/posts\/16143","targetHints":{"allow":["GET"]}}],"collection":[{"href":"http:\/\/mickyandoniehn.com\/radio\/wp-json\/wp\/v2\/posts"}],"about":[{"href":"http:\/\/mickyandoniehn.com\/radio\/wp-json\/wp\/v2\/types\/post"}],"replies":[{"embeddable":true,"href":"http:\/\/mickyandoniehn.com\/radio\/wp-json\/wp\/v2\/comments?post=16143"}],"version-history":[{"count":0,"href":"http:\/\/mickyandoniehn.com\/radio\/wp-json\/wp\/v2\/posts\/16143\/revisions"}],"wp:featuredmedia":[{"embeddable":true,"href":"http:\/\/mickyandoniehn.com\/radio\/wp-json\/wp\/v2\/media\/16144"}],"wp:attachment":[{"href":"http:\/\/mickyandoniehn.com\/radio\/wp-json\/wp\/v2\/media?parent=16143"}],"wp:term":[{"taxonomy":"category","embeddable":true,"href":"http:\/\/mickyandoniehn.com\/radio\/wp-json\/wp\/v2\/categories?post=16143"},{"taxonomy":"post_tag","embeddable":true,"href":"http:\/\/mickyandoniehn.com\/radio\/wp-json\/wp\/v2\/tags?post=16143"}],"curies":[{"name":"wp","href":"https:\/\/api.w.org\/{rel}","templated":true}]}}