{"id":16135,"date":"2022-05-13T06:13:07","date_gmt":"2022-05-13T12:13:07","guid":{"rendered":"http:\/\/mickyandoniehn.com\/radio\/2022\/05\/13\/el-papa-la-guerra-vuelve-a-europa-cuando-desaparece-generacion-que-la-vivio\/"},"modified":"2022-05-13T06:13:07","modified_gmt":"2022-05-13T12:13:07","slug":"el-papa-la-guerra-vuelve-a-europa-cuando-desaparece-generacion-que-la-vivio","status":"publish","type":"post","link":"http:\/\/mickyandoniehn.com\/radio\/2022\/05\/13\/el-papa-la-guerra-vuelve-a-europa-cuando-desaparece-generacion-que-la-vivio\/","title":{"rendered":"El papa: La guerra vuelve a Europa cuando desaparece generaci\u00f3n que la vivi\u00f3"},"content":{"rendered":"<p><strong>Tegucigalpa,Honduras viernes 13 mayo 2022<\/strong><\/p>\n<\/p>\n<p>El papa Francisco considera que \u00abno es casual que la guerra haya vuelto en Europa en el momento en que la generaci\u00f3n que la vivi\u00f3 en el siglo pasado est\u00e1 desapareciendo\u00bb, en el mensaje para la jornada que dedica la Iglesia cat\u00f3lica a los abuelos y los ancianos que fue presentado hoy.<\/p>\n<p>\u00abEl mundo vive un tiempo de dura prueba, marcado primero por la tempestad inesperada y furiosa de la pandemia, luego, por una guerra que afecta la paz y el desarrollo a escala mundial. No es casual que la guerra haya vuelto en Europa en el momento en que la generaci\u00f3n que la vivi\u00f3 en el siglo pasado est\u00e1 desapareciendo\u00bb, explic\u00f3 Francisco.<\/p>\n<p>Ante ello, el papa urgi\u00f3 a \u00abun cambio profundo, una conversi\u00f3n que desmilitarice los corazones, permitiendo que cada uno reconozca en el otro a un hermano\u00bb y pidi\u00f3 a los abuelos y mayores, \u00abense\u00f1ar a las mujeres y a los hombres de nuestro tiempo a ver a los dem\u00e1s con la misma mirada comprensiva y tierna que dirigimos a nuestros nietos\u00bb.<\/p>\n<p>Tambi\u00e9n pidi\u00f3 a los mayores que, c\u00f3mo hacen con sus nietos, tengan sobre sus rodillas \u00abcon la ayuda concreta o al menos con la oraci\u00f3n, a todos aquellos nietos atemorizados que a\u00fan no hemos conocido y que quiz\u00e1 huyen de la guerra o sufren por su causa\u00bb.<\/p>\n<p>\u00abLlevemos en nuestro coraz\u00f3n a los peque\u00f1os de Ucrania, de Afganist\u00e1n, de Sud\u00e1n del Sur\u00bb, inst\u00f3 en su mensaje para la Jornada que se celebrar\u00e1 el pr\u00f3ximo 24 de julio.<\/p>\n<p>Por otra parte, el papa volvi\u00f3 a condenar lo que llama la \u00abcultura del descarte\u00bb que considera que \u00ablos ancianos no nos conciernen y se piensa que es mejor que est\u00e9n lo m\u00e1s lejos posible, quiz\u00e1 juntos entre ellos, en instalaciones donde los cuiden y que nos eviten tener que hacernos cargo de sus preocupaciones\u00bb.<\/p>\n<p>Y critic\u00f3 que \u00ablas sociedades m\u00e1s desarrolladas invierten mucho en esta edad de la vida, pero no ayudan a interpretarla; ofrecen planes de asistencia, pero no proyectos de existencia\u00bb.<\/p>\n<p>Tambi\u00e9n pidi\u00f3 a los mayores que se impliquen en la relaciones con la familia, los hijos y los nietos, as\u00ed como con las personas pobres y afligidas. \u00abTodo esto nos ayudar\u00e1 a no sentirnos meros espectadores en el teatro del mundo, a no limitarnos a \u00abbalconear\u00bb, a mirar desde la ventana\u00bb, se\u00f1al\u00f3.<\/p>\n<p>\u00abLa ancianidad no es un tiempo in\u00fatil en el que nos hacemos a un lado, abandonando los remos en la barca, sino que es una estaci\u00f3n para seguir dando frutos. Hay una nueva misi\u00f3n que nos espera y nos invita a dirigir la mirada hacia el futuro\u00bb, les dijo el papa a los mayores.<\/p>\n<p><strong>Fuente: La Tribuna<\/strong><\/p>\n","protected":false},"excerpt":{"rendered":"<p>Tegucigalpa,Honduras viernes 13 mayo 2022 El papa Francisco considera que \u00abno es casual que la guerra haya vuelto en Europa en el momento en que la generaci\u00f3n que la vivi\u00f3 en el siglo pasado est\u00e1 desapareciendo\u00bb, en el mensaje para la jornada que dedica la Iglesia cat\u00f3lica a los abuelos y los ancianos que fue &hellip;<\/p>\n","protected":false},"author":0,"featured_media":16136,"comment_status":"open","ping_status":"open","sticky":false,"template":"","format":"standard","meta":{"_jetpack_memberships_contains_paid_content":false,"footnotes":""},"categories":[5],"tags":[],"class_list":["post-16135","post","type-post","status-publish","format-standard","has-post-thumbnail","","category-noticias"],"jetpack_sharing_enabled":true,"jetpack_featured_media_url":"http:\/\/mickyandoniehn.com\/radio\/wp-content\/uploads\/2022\/05\/papa-2-696x442-1-6ZqYOu.jpeg","_links":{"self":[{"href":"http:\/\/mickyandoniehn.com\/radio\/wp-json\/wp\/v2\/posts\/16135","targetHints":{"allow":["GET"]}}],"collection":[{"href":"http:\/\/mickyandoniehn.com\/radio\/wp-json\/wp\/v2\/posts"}],"about":[{"href":"http:\/\/mickyandoniehn.com\/radio\/wp-json\/wp\/v2\/types\/post"}],"replies":[{"embeddable":true,"href":"http:\/\/mickyandoniehn.com\/radio\/wp-json\/wp\/v2\/comments?post=16135"}],"version-history":[{"count":0,"href":"http:\/\/mickyandoniehn.com\/radio\/wp-json\/wp\/v2\/posts\/16135\/revisions"}],"wp:featuredmedia":[{"embeddable":true,"href":"http:\/\/mickyandoniehn.com\/radio\/wp-json\/wp\/v2\/media\/16136"}],"wp:attachment":[{"href":"http:\/\/mickyandoniehn.com\/radio\/wp-json\/wp\/v2\/media?parent=16135"}],"wp:term":[{"taxonomy":"category","embeddable":true,"href":"http:\/\/mickyandoniehn.com\/radio\/wp-json\/wp\/v2\/categories?post=16135"},{"taxonomy":"post_tag","embeddable":true,"href":"http:\/\/mickyandoniehn.com\/radio\/wp-json\/wp\/v2\/tags?post=16135"}],"curies":[{"name":"wp","href":"https:\/\/api.w.org\/{rel}","templated":true}]}}