{"id":16133,"date":"2022-05-13T06:13:06","date_gmt":"2022-05-13T12:13:06","guid":{"rendered":"http:\/\/mickyandoniehn.com\/radio\/2022\/05\/13\/guterres-llama-a-rusia-y-ucrania-a-agilizar-negociaciones-para-lograr-la-paz\/"},"modified":"2022-05-13T06:13:06","modified_gmt":"2022-05-13T12:13:06","slug":"guterres-llama-a-rusia-y-ucrania-a-agilizar-negociaciones-para-lograr-la-paz","status":"publish","type":"post","link":"http:\/\/mickyandoniehn.com\/radio\/2022\/05\/13\/guterres-llama-a-rusia-y-ucrania-a-agilizar-negociaciones-para-lograr-la-paz\/","title":{"rendered":"Guterres llama a Rusia y Ucrania a agilizar negociaciones para lograr la paz"},"content":{"rendered":"<p><strong>Tegucigalpa,Honduras jueves 12 mayo 2022<\/strong><\/p>\n<\/p>\n<p>El secretario general de la ONU, Ant\u00f3nio Guterres, llam\u00f3 \u00a0a Rusia y Ucrania a agilizar las negociaciones para lograr un arreglo pac\u00edfico al actual conflicto en l\u00ednea con el derecho internacional.<\/p>\n<p>\u00abLlamo a Rusia y Ucrania a activar los esfuerzos diplom\u00e1ticos a trav\u00e9s del di\u00e1logo con el fin de lograr urgentemente un arreglo negociado. Las pistolas deben callar\u00bb, dijo Guterres en rueda de prensa conjunta con la primer ministra moldava, Natalia Gavrilita.<\/p>\n<p>Guterres subray\u00f3 que dicho arreglo debe respetar el derecho internacional y el estatuto de Naciones Unidas.<\/p>\n<p>\u00abInsto a los actores regionales e internacionales a apoyar ese proceso en aras de la estabilidad internacional\u00bb, agreg\u00f3 durante su intervenci\u00f3n en Chisinau.<\/p>\n<p>El diplom\u00e1tico portugu\u00e9s llam\u00f3 tambi\u00e9n a Rusia a poner fin a sus acciones militares en el pa\u00eds vecino, expres\u00f3 su \u00abprofunda preocupaci\u00f3n\u00bb por la continuaci\u00f3n y posible propagaci\u00f3n del conflicto y consider\u00f3 inimaginables las consecuencias de una escalada en Ucrania.<\/p>\n<p>\u00abLa invasi\u00f3n rusa en Ucrania debe cesar. Pa\u00edses vecinos como Moldavia est\u00e1n sufriendo las ramificaciones econ\u00f3micas de la guerra. Moldavia est\u00e1 en la l\u00ednea de frente de la preservaci\u00f3n de la estabilidad en el mundo\u00bb, subray\u00f3.<\/p>\n<p>Despu\u00e9s de que un general ruso reconociera que Mosc\u00fa se plantea acceder a la regi\u00f3n separatista moldava de Transnistria, Guterres defendi\u00f3 la integridad territorial de Moldavia.<\/p>\n<p>\u00abLa soberan\u00eda, independencia e integridad territorial de Moldavia, adem\u00e1s del s\u00f3lido progreso logrado en las \u00faltimas tres d\u00e9cadas, no deben ser ni amenazadas ni socavadas\u00bb, resalt\u00f3.<\/p>\n<p>Tambi\u00e9n llam\u00f3 a la comunidad internacional a ayudar a Chisinau a afrontar el aluvi\u00f3n de refugiados, que el Gobierno estima ahora en casi 100.000.<\/p>\n<p>\u00abMoldavia es un peque\u00f1o pa\u00eds con un gran coraz\u00f3n. Moldavia merece paz, estabilidad y una masiva asistencia internacional para solucionar el problema de los refugiados\u00bb, argument\u00f3.<\/p>\n<p>Este pa\u00eds ha acogido proporcionalmente el mayor n\u00famero de refugiados ucranianos -casi medio mill\u00f3n de personas-, en relaci\u00f3n con su poblaci\u00f3n, que no llega a los 3 millones.<\/p>\n<p>\u00abEs con diferencia el pa\u00eds m\u00e1s afectado por la guerra. Ha tenido un impacto devastador en su econom\u00eda\u00bb, dijo y record\u00f3 que Moldavia es un pa\u00eds sin salida al mar y que no es miembro de la Uni\u00f3n Europa, por lo que no tiene qui\u00e9n le ayude.<\/p>\n<p>A su vez, describi\u00f3 como \u00abcasualidad\u00bb su presencia en la exrep\u00fablica sovi\u00e9tica con ocasi\u00f3n del 77 aniversario de la victoria sovi\u00e9tica sobre la Alemania nazi en la Segunda Guerra Mundial.<\/p>\n<p>Por su parte, Gavrilita subray\u00f3 que su Gobierno toma todas las medidas en sus manos para preservar la estabilidad a ambos lados del r\u00edo Dni\u00e9ster.<\/p>\n<p>\u00abLa guerra en Ucrania nos afecta directamente. La prioridad es mantener la paz y garantizar la seguridad de los moldavos y los refugiados ucranianos. Les hemos abierto nuestras casas y nuestros corazones\u00bb, subray\u00f3.<\/p>\n<p>Al tiempo que record\u00f3 que Chisinau conden\u00f3 la \u00aboperaci\u00f3n militar especial\u00bb rusa, demand\u00f3 la salida de las tropas rusas, presentes en el pa\u00eds desde el fin del conflicto armado con Transnistria hace tres d\u00e9cadas.<\/p>\n<p>Guterres visitar\u00e1 el martes un campo de refugiados, donde departir\u00e1 con algunos ucranianos desplazados, as\u00ed como con otros que han sido acogidos en el seno de las familias moldavas, que son la mayor\u00eda.<\/p>\n<p>La presidenta moldava, Maia Sandu, cancel\u00f3 su comparecencia ante los medios de comunicaci\u00f3n por motivos de salud.<\/p>\n<p><strong>Fuente: La Tribuna<\/strong><\/p>\n","protected":false},"excerpt":{"rendered":"<p>Tegucigalpa,Honduras jueves 12 mayo 2022 El secretario general de la ONU, Ant\u00f3nio Guterres, llam\u00f3 \u00a0a Rusia y Ucrania a agilizar las negociaciones para lograr un arreglo pac\u00edfico al actual conflicto en l\u00ednea con el derecho internacional. \u00abLlamo a Rusia y Ucrania a activar los esfuerzos diplom\u00e1ticos a trav\u00e9s del di\u00e1logo con el fin de lograr &hellip;<\/p>\n","protected":false},"author":0,"featured_media":16134,"comment_status":"open","ping_status":"open","sticky":false,"template":"","format":"standard","meta":{"_jetpack_memberships_contains_paid_content":false,"footnotes":""},"categories":[5],"tags":[],"class_list":["post-16133","post","type-post","status-publish","format-standard","has-post-thumbnail","","category-noticias"],"jetpack_sharing_enabled":true,"jetpack_featured_media_url":"http:\/\/mickyandoniehn.com\/radio\/wp-content\/uploads\/2022\/05\/guterre-696x428-1-gwAjJ4.jpeg","_links":{"self":[{"href":"http:\/\/mickyandoniehn.com\/radio\/wp-json\/wp\/v2\/posts\/16133","targetHints":{"allow":["GET"]}}],"collection":[{"href":"http:\/\/mickyandoniehn.com\/radio\/wp-json\/wp\/v2\/posts"}],"about":[{"href":"http:\/\/mickyandoniehn.com\/radio\/wp-json\/wp\/v2\/types\/post"}],"replies":[{"embeddable":true,"href":"http:\/\/mickyandoniehn.com\/radio\/wp-json\/wp\/v2\/comments?post=16133"}],"version-history":[{"count":0,"href":"http:\/\/mickyandoniehn.com\/radio\/wp-json\/wp\/v2\/posts\/16133\/revisions"}],"wp:featuredmedia":[{"embeddable":true,"href":"http:\/\/mickyandoniehn.com\/radio\/wp-json\/wp\/v2\/media\/16134"}],"wp:attachment":[{"href":"http:\/\/mickyandoniehn.com\/radio\/wp-json\/wp\/v2\/media?parent=16133"}],"wp:term":[{"taxonomy":"category","embeddable":true,"href":"http:\/\/mickyandoniehn.com\/radio\/wp-json\/wp\/v2\/categories?post=16133"},{"taxonomy":"post_tag","embeddable":true,"href":"http:\/\/mickyandoniehn.com\/radio\/wp-json\/wp\/v2\/tags?post=16133"}],"curies":[{"name":"wp","href":"https:\/\/api.w.org\/{rel}","templated":true}]}}