{"id":13626,"date":"2022-04-18T06:15:29","date_gmt":"2022-04-18T12:15:29","guid":{"rendered":"https:\/\/mickyandoniehn.com\/radio\/2022\/04\/18\/mas-de-60-teatros-y-operas-promoveran-el-patrimonio-lirico-iberoamericano\/"},"modified":"2022-04-18T06:15:29","modified_gmt":"2022-04-18T12:15:29","slug":"mas-de-60-teatros-y-operas-promoveran-el-patrimonio-lirico-iberoamericano","status":"publish","type":"post","link":"http:\/\/mickyandoniehn.com\/radio\/2022\/04\/18\/mas-de-60-teatros-y-operas-promoveran-el-patrimonio-lirico-iberoamericano\/","title":{"rendered":"M\u00e1s de 60 teatros y \u00f3peras promover\u00e1n el patrimonio l\u00edrico iberoamericano"},"content":{"rendered":"<p><strong>Tegucigalpa,Honduras lunes 18 abril 2022<\/strong><\/p>\n\n<p>El tercer Encuentro Iberoamericano de Teatros, que re\u00fane a representantes de m\u00e1s de 60 teatros, \u00f3peras y entidades l\u00edricas de Espa\u00f1a y Latinoam\u00e9rica, ha acordado reforzar y \u00abpromover el patrimonio musical y l\u00edrico iberoamericano\u00bb internacionalmente.<\/p>\n<p>El encuentro, celebrado durante tres d\u00edas en Barcelona (Espa\u00f1a), present\u00f3 este viernes una declaraci\u00f3n con las conclusiones y los compromisos que \u00f3peras y teatros han alcanzado para cooperar en materias como la sostenibilidad, la digitalizaci\u00f3n, las relaciones con el p\u00fablico y la promoci\u00f3n cultural de la l\u00edrica.<\/p>\n<p>\u00abLa m\u00fasica y la l\u00edrica son agentes que pueden promover la reflexi\u00f3n y el pensamiento cr\u00edtico, la creatividad y la libertad, la diversidad y la inclusi\u00f3n, la solidaridad y la cohesi\u00f3n de las sociedades\u00bb, se\u00f1ala la declaraci\u00f3n.<\/p>\n<p>Por ello, instituciones culturales de Brasil, M\u00e9xico, Espa\u00f1a, Argentina, Chile, Ecuador, Colombia, Costa Rica y Uruguay trabajar\u00e1n para potenciar la \u00abinvestigaci\u00f3n, comunicaci\u00f3n y programaci\u00f3n\u00bb de \u00f3peras iberoamericanas y hacerlas llegar \u00aba otras latitudes\u00bb del mundo.<\/p>\n<p>Tambi\u00e9n se ha pactado trabajar para desarrollar un programa iberoamericano de formaci\u00f3n para profesionales vinculados a la gesti\u00f3n cultural, mediante residencias itinerantes por teatros y \u00f3peras de varios pa\u00edses, y comisionar la producci\u00f3n de nuevas obras l\u00edricas coproducidas por dos o m\u00e1s teatros de la Pen\u00ednsula Ib\u00e9rica y Latinoam\u00e9rica.<\/p>\n<p>Paralelamente, la declaraci\u00f3n ha reafirmado el compromiso de las entidades culturales con los \u00abderechos fundamentales\u00bb y su apoyo incondicional a \u00abla paz y la vida\u00bb en medio del contexto de la guerra en Ucrania.<\/p>\n<p>\u00abVamos a ser imprescindibles cuando toque reconstruir la relaci\u00f3n con Rusia. Los primeros que estaremos reconstruy\u00e9ndola seremos el arte y la cultura\u00bb, asegur\u00f3 Valent\u00ed Oviedo, director general del Gran Teatro del Liceo en Barcelona, que acogi\u00f3 el Encuentro.<\/p>\n<p>El pr\u00f3ximo encuentro est\u00e1 previsto en Manaus (Brasil) en mayo del 2023, dentro de esta iniciativa impulsada por \u00d3pera Latinoam\u00e9rica, que representa a entidades como el Teatro Col\u00f3n de Buenos Aires, la \u00d3pera de Colombia en Bogot\u00e1 y la \u00d3pera de Bellas Artes de M\u00e9xico, y \u00d3pera XXI, que da voz al Teatro Real de Madrid y el Liceo de Barcelona, entre otros.<\/p>\n<p><strong>Fuente: La Tribuna<\/strong><\/p>","protected":false},"excerpt":{"rendered":"<p>Tegucigalpa,Honduras lunes 18 abril 2022 El tercer Encuentro Iberoamericano de Teatros, que re\u00fane a representantes de m\u00e1s de 60 teatros, \u00f3peras y entidades l\u00edricas de Espa\u00f1a y Latinoam\u00e9rica, ha acordado reforzar y \u00abpromover el patrimonio musical y l\u00edrico iberoamericano\u00bb internacionalmente. El encuentro, celebrado durante tres d\u00edas en Barcelona (Espa\u00f1a), present\u00f3 este viernes una declaraci\u00f3n con &hellip;<\/p>\n","protected":false},"author":0,"featured_media":13627,"comment_status":"open","ping_status":"open","sticky":false,"template":"","format":"standard","meta":{"_jetpack_memberships_contains_paid_content":false,"footnotes":""},"categories":[5],"tags":[],"class_list":["post-13626","post","type-post","status-publish","format-standard","has-post-thumbnail","","category-noticias"],"jetpack_sharing_enabled":true,"jetpack_featured_media_url":"http:\/\/mickyandoniehn.com\/radio\/wp-content\/uploads\/2022\/04\/teatro-696x431-2-6rcYJj.jpeg","_links":{"self":[{"href":"http:\/\/mickyandoniehn.com\/radio\/wp-json\/wp\/v2\/posts\/13626","targetHints":{"allow":["GET"]}}],"collection":[{"href":"http:\/\/mickyandoniehn.com\/radio\/wp-json\/wp\/v2\/posts"}],"about":[{"href":"http:\/\/mickyandoniehn.com\/radio\/wp-json\/wp\/v2\/types\/post"}],"replies":[{"embeddable":true,"href":"http:\/\/mickyandoniehn.com\/radio\/wp-json\/wp\/v2\/comments?post=13626"}],"version-history":[{"count":0,"href":"http:\/\/mickyandoniehn.com\/radio\/wp-json\/wp\/v2\/posts\/13626\/revisions"}],"wp:featuredmedia":[{"embeddable":true,"href":"http:\/\/mickyandoniehn.com\/radio\/wp-json\/wp\/v2\/media\/13627"}],"wp:attachment":[{"href":"http:\/\/mickyandoniehn.com\/radio\/wp-json\/wp\/v2\/media?parent=13626"}],"wp:term":[{"taxonomy":"category","embeddable":true,"href":"http:\/\/mickyandoniehn.com\/radio\/wp-json\/wp\/v2\/categories?post=13626"},{"taxonomy":"post_tag","embeddable":true,"href":"http:\/\/mickyandoniehn.com\/radio\/wp-json\/wp\/v2\/tags?post=13626"}],"curies":[{"name":"wp","href":"https:\/\/api.w.org\/{rel}","templated":true}]}}