{"id":13516,"date":"2022-04-15T08:12:40","date_gmt":"2022-04-15T14:12:40","guid":{"rendered":"http:\/\/mickyandoniehn.com\/radio\/2022\/04\/15\/honduras-se-dirige-hacia-una-situacion-de-estancacion-inflacion-y-desempleo\/"},"modified":"2022-04-15T08:12:40","modified_gmt":"2022-04-15T14:12:40","slug":"honduras-se-dirige-hacia-una-situacion-de-estancacion-inflacion-y-desempleo","status":"publish","type":"post","link":"http:\/\/mickyandoniehn.com\/radio\/2022\/04\/15\/honduras-se-dirige-hacia-una-situacion-de-estancacion-inflacion-y-desempleo\/","title":{"rendered":"Honduras se dirige hacia una situaci\u00f3n de estancaci\u00f3n, inflaci\u00f3n y desempleo"},"content":{"rendered":"<p><strong>Tegucigalpa,Honduras viernes 15 abril 2022<\/strong><\/p>\n\n<p>El economista, Alejandro Aronne, dijo que Honduras se dirige hacia una situaci\u00f3n de estancaci\u00f3n, inflaci\u00f3n, desempleo y el crecimiento econ\u00f3mico.<\/p>\n<p>Indic\u00f3 que est\u00e1n en un periodo de reactivaci\u00f3n econ\u00f3mica, pese al cambio dr\u00e1stico a trav\u00e9s de las exportaciones e importaciones que ser\u00e1 mucho menor a las del cierre del a\u00f1o anterior.<\/p>\n<p>Aronne, agreg\u00f3 que pasando las importaciones hasta un crecimiento de un 11 por ciento y por el lado de cr\u00e9dito se mantiene el impulso del cr\u00e9dito y eso facilitar\u00e1 que algunos sectores sigan reactiv\u00e1ndose.<\/p>\n<p>\u00a0<\/p>\n<p><a href=\"https:\/\/hondudiario.com\/wp-content\/uploads\/2022\/04\/deseempleo.jpg\">El economista se\u00f1al\u00f3 que los precios de los bienes y servicios seguir\u00e1n en aumento seg\u00fan el Banco Central de Honduras (BCH) en su programa monetario 2022- 2023 estima una inflaci\u00f3n de 6.19 por ciento para este a\u00f1o. <\/a><\/p>\n<p><strong>Fuente: La Tribuna<\/strong><\/p>","protected":false},"excerpt":{"rendered":"<p>Tegucigalpa,Honduras viernes 15 abril 2022 El economista, Alejandro Aronne, dijo que Honduras se dirige hacia una situaci\u00f3n de estancaci\u00f3n, inflaci\u00f3n, desempleo y el crecimiento econ\u00f3mico. Indic\u00f3 que est\u00e1n en un periodo de reactivaci\u00f3n econ\u00f3mica, pese al cambio dr\u00e1stico a trav\u00e9s de las exportaciones e importaciones que ser\u00e1 mucho menor a las del cierre del a\u00f1o &hellip;<\/p>\n","protected":false},"author":0,"featured_media":13517,"comment_status":"open","ping_status":"open","sticky":false,"template":"","format":"standard","meta":{"_jetpack_memberships_contains_paid_content":false,"footnotes":""},"categories":[5],"tags":[],"class_list":["post-13516","post","type-post","status-publish","format-standard","has-post-thumbnail","","category-noticias"],"jetpack_sharing_enabled":true,"jetpack_featured_media_url":"http:\/\/mickyandoniehn.com\/radio\/wp-content\/uploads\/2022\/04\/deseempleo-300x213-1-1b5bhK.jpeg","_links":{"self":[{"href":"http:\/\/mickyandoniehn.com\/radio\/wp-json\/wp\/v2\/posts\/13516","targetHints":{"allow":["GET"]}}],"collection":[{"href":"http:\/\/mickyandoniehn.com\/radio\/wp-json\/wp\/v2\/posts"}],"about":[{"href":"http:\/\/mickyandoniehn.com\/radio\/wp-json\/wp\/v2\/types\/post"}],"replies":[{"embeddable":true,"href":"http:\/\/mickyandoniehn.com\/radio\/wp-json\/wp\/v2\/comments?post=13516"}],"version-history":[{"count":0,"href":"http:\/\/mickyandoniehn.com\/radio\/wp-json\/wp\/v2\/posts\/13516\/revisions"}],"wp:featuredmedia":[{"embeddable":true,"href":"http:\/\/mickyandoniehn.com\/radio\/wp-json\/wp\/v2\/media\/13517"}],"wp:attachment":[{"href":"http:\/\/mickyandoniehn.com\/radio\/wp-json\/wp\/v2\/media?parent=13516"}],"wp:term":[{"taxonomy":"category","embeddable":true,"href":"http:\/\/mickyandoniehn.com\/radio\/wp-json\/wp\/v2\/categories?post=13516"},{"taxonomy":"post_tag","embeddable":true,"href":"http:\/\/mickyandoniehn.com\/radio\/wp-json\/wp\/v2\/tags?post=13516"}],"curies":[{"name":"wp","href":"https:\/\/api.w.org\/{rel}","templated":true}]}}