{"id":13338,"date":"2022-04-12T08:15:40","date_gmt":"2022-04-12T14:15:40","guid":{"rendered":"https:\/\/mickyandoniehn.com\/radio\/2022\/04\/12\/seproc-cumplio-25-anos-monitoreando-y-planificando-estrategias-mediaticas\/"},"modified":"2022-04-12T08:15:40","modified_gmt":"2022-04-12T14:15:40","slug":"seproc-cumplio-25-anos-monitoreando-y-planificando-estrategias-mediaticas","status":"publish","type":"post","link":"http:\/\/mickyandoniehn.com\/radio\/2022\/04\/12\/seproc-cumplio-25-anos-monitoreando-y-planificando-estrategias-mediaticas\/","title":{"rendered":"\u00abSEPROC cumpli\u00f3 25 a\u00f1os\u00bb, monitoreando y planificando estrategias medi\u00e1ticas"},"content":{"rendered":"<p><strong>Tegucigalpa,Honduras martes 12 abril 2022<\/strong><\/p>\n\n<p><strong>\u00abQui\u00e9n tiene informaci\u00f3n tiene poder\u00bb<\/strong>; Hace 25 a\u00f1os, oficialmente se inscribi\u00f3 en el registro comercial la empresa Servicios Profesionales de Comunicaci\u00f3n (SEPROC), dedicada al monitoreo de informaci\u00f3n y noticias de medios radiales, escritos y de televisi\u00f3n, cuando estos se pod\u00edan contar con los dedos de las manos.<\/p>\n<p>Con el paso de los a\u00f1os (25), la proliferaci\u00f3n de los medios y\/o empresas dedicadas a promover informaci\u00f3n y noticias, m\u00e1s la influencia de las tecnolog\u00edas, el monitoreo de la informaci\u00f3n p\u00fablica y publicada se convierte en una herramienta necesaria y orientaci\u00f3n administrativa cuando es manejada estrat\u00e9gicamente.<\/p>\n<p>\u00a0<\/p>\n<p><a href=\"https:\/\/hondudiario.com\/wp-content\/uploads\/2022\/04\/2af84a48-7e81-42f1-b748-cfcf41ebd0d5.jpg\">Todos los medios de comunicaci\u00f3n a trav\u00e9s de sus programaciones generan percepciones positivas y negativas entre sus audiencias; pero cuando las percepciones son negativas es importante atenderla con \u00absentido y direcci\u00f3n\u00bb porque casi siempre ponen en riesgo la imagen reputacional de una instituci\u00f3n, empresa o de una persona.<\/a><\/p>\n<p><a href=\"https:\/\/hondudiario.com\/wp-content\/uploads\/2022\/04\/2af84a48-7e81-42f1-b748-cfcf41ebd0d5.jpg\">Para atender estas situaciones, SEPROC ha elaborado manuales especiales, para crisis medi\u00e1ticas, al interpretar la visibilidad y el posicionamiento de una informaci\u00f3n o noticias en las diferentes audiencias, identificar actores, escenarios, tendencias, medio y el sentimiento de las mismas; positivas, negativas y\/o neutral, considerando la tem\u00e1tica y el inter\u00e9s del cliente.<\/a><\/p>\n<p>\u00a0<\/p>\n<p><a href=\"https:\/\/hondudiario.com\/wp-content\/uploads\/2022\/04\/58c9e5d5-86ef-419d-a2a3-2057550813cf.jpg\">Atendiendo las exigencias de los clientes, ante la cantidad de informaci\u00f3n que publicaban los medios y facilitar el manejo de la informaci\u00f3n p\u00fablica y publicada. Ahora todos los d\u00edas, SEPROC tiene un variado men\u00fa de servicios y atenciones priorizadas para cada uno de sus clientes.<\/a><\/p>\n<p>\u00a0<\/p>\n<p><a href=\"https:\/\/hondudiario.com\/wp-content\/uploads\/2022\/04\/5f28c4db-71a8-4c90-b2f1-83f8827b3339.jpg\"><strong>Como servicios; En las primeras horas de la ma\u00f1ana, una agenda ejecutiva diaria, con la informaci\u00f3n de inter\u00e9s del cliente, con link o enlace al audio, video y esc\u00e1ner de la informaci\u00f3n de inter\u00e9s del d\u00eda, considerando el monitoreo en 22 canales de televisi\u00f3n, 6 radios emisoras, cuatro peri\u00f3dicos de papel y alrededor de 38 medios digitales. Adem\u00e1s de trabajos exclusivos del monitoreo de redes; Facebook, Instagram, Twitter, YouTube, Reddit, TripAdvisor y vkontakte, para analizar la percepci\u00f3n y el posicionamiento de temas, imagen y sentimientos sobre un tema requerido.<\/strong><\/a><\/p>\n<p>\u00a0<\/p>\n<p><a href=\"https:\/\/hondudiario.com\/wp-content\/uploads\/2022\/04\/2d0217c6-1238-44dc-8690-0188e0c1955b.jpg\">SEPROC, forjada bajo los principios de \u00e9tica y profesionalismo de los periodistas Victor Montesinos y Ar\u00edstides Aceituno, en 25 a\u00f1os, como emprendedores han generado empleo, tambi\u00e9n promovido la formaci\u00f3n de profesionales en el campo de las comunicaciones, porque el periodismo no s\u00f3lo es hacer noticias desde una plataforma o medio de comunicaci\u00f3n.<\/a><\/p>\n<p><a href=\"https:\/\/hondudiario.com\/wp-content\/uploads\/2022\/04\/2d0217c6-1238-44dc-8690-0188e0c1955b.jpg\">Desde su fundaci\u00f3n esta empresa, de manera silenciosa se ha posicionado entre un p\u00fablico objetivo a nivel nacional <\/a><\/p>\n<p><strong>Fuente: La Tribuna<\/strong><\/p>","protected":false},"excerpt":{"rendered":"<p>Tegucigalpa,Honduras martes 12 abril 2022 \u00abQui\u00e9n tiene informaci\u00f3n tiene poder\u00bb; Hace 25 a\u00f1os, oficialmente se inscribi\u00f3 en el registro comercial la empresa Servicios Profesionales de Comunicaci\u00f3n (SEPROC), dedicada al monitoreo de informaci\u00f3n y noticias de medios radiales, escritos y de televisi\u00f3n, cuando estos se pod\u00edan contar con los dedos de las manos. Con el paso &hellip;<\/p>\n","protected":false},"author":0,"featured_media":13339,"comment_status":"open","ping_status":"open","sticky":false,"template":"","format":"standard","meta":{"_jetpack_memberships_contains_paid_content":false,"footnotes":""},"categories":[5],"tags":[],"class_list":["post-13338","post","type-post","status-publish","format-standard","has-post-thumbnail","","category-noticias"],"jetpack_sharing_enabled":true,"jetpack_featured_media_url":"http:\/\/mickyandoniehn.com\/radio\/wp-content\/uploads\/2022\/04\/5f28c4db-71a8-4c90-b2f1-83f8827b3339-300x225-1-ZTGeij.jpeg","_links":{"self":[{"href":"http:\/\/mickyandoniehn.com\/radio\/wp-json\/wp\/v2\/posts\/13338","targetHints":{"allow":["GET"]}}],"collection":[{"href":"http:\/\/mickyandoniehn.com\/radio\/wp-json\/wp\/v2\/posts"}],"about":[{"href":"http:\/\/mickyandoniehn.com\/radio\/wp-json\/wp\/v2\/types\/post"}],"replies":[{"embeddable":true,"href":"http:\/\/mickyandoniehn.com\/radio\/wp-json\/wp\/v2\/comments?post=13338"}],"version-history":[{"count":0,"href":"http:\/\/mickyandoniehn.com\/radio\/wp-json\/wp\/v2\/posts\/13338\/revisions"}],"wp:featuredmedia":[{"embeddable":true,"href":"http:\/\/mickyandoniehn.com\/radio\/wp-json\/wp\/v2\/media\/13339"}],"wp:attachment":[{"href":"http:\/\/mickyandoniehn.com\/radio\/wp-json\/wp\/v2\/media?parent=13338"}],"wp:term":[{"taxonomy":"category","embeddable":true,"href":"http:\/\/mickyandoniehn.com\/radio\/wp-json\/wp\/v2\/categories?post=13338"},{"taxonomy":"post_tag","embeddable":true,"href":"http:\/\/mickyandoniehn.com\/radio\/wp-json\/wp\/v2\/tags?post=13338"}],"curies":[{"name":"wp","href":"https:\/\/api.w.org\/{rel}","templated":true}]}}